{"id":93362,"date":"2021-07-13T10:20:03","date_gmt":"2021-07-13T13:20:03","guid":{"rendered":"http:\/\/vinasfm.com\/noticias\/?p=93362"},"modified":"2021-07-13T12:44:37","modified_gmt":"2021-07-13T15:44:37","slug":"el-realpadrino-lucas-lopez-volvio-a-correr-en-el-karting-del-centro-con-equipo-y-marca-oficial","status":"publish","type":"post","link":"https:\/\/vinasfm.com\/noticias\/el-realpadrino-lucas-lopez-volvio-a-correr-en-el-karting-del-centro-con-equipo-y-marca-oficial\/","title":{"rendered":"EL REALPADRINO LUCAS L\u00d3PEZ VOLVI\u00d3 A CORRER EN EL KARTING DEL CENTRO CON EQUIPO Y MARCA OFICIAL"},"content":{"rendered":"<h4><strong><span style=\"color: #000000;\">Lucas L\u00f3pez, oriundo de Real del Padre volvi\u00f3 a competir en uno de los mejores de campeonatos de Karting de Argentina con GFA Sport, un prestigioso equipo de la categor\u00eda, y con la marca KTL. Sin embargo, estuvo lejos de pelear por podios debido a choques que sufri\u00f3 en las dos finales del domingo.<\/span><\/strong><\/h4>\n<p><span style=\"color: #000000;\">El<strong> joven piloto de 16 a\u00f1os corri\u00f3 una nueva fecha del Karting del Centro, en la que hizo su estreno con el equipo GFA Sport.<\/strong> En di\u00e1logo con <strong>FM Vi\u00f1as<\/strong> habl\u00f3 sobre esta nueva experiencia: <em><strong>\u00abFue todo muy r\u00e1pido, el domingo anterior a la carrera me llam\u00f3 Gustavo Arriscurri, que vio mi resultado en Neuqu\u00e9n (gan\u00f3 la 1\u00b0 fecha del campeonato patag\u00f3nico) y quer\u00eda que corriera para su equipo\u00bb.<\/strong><\/em><\/span><\/p>\n<p><span style=\"color: #000000;\">En cuanto al fin de semana de competencia, explic\u00f3:<em><strong> \u00abFue un buen fin de semana con marca nueva, chasis nuevo y equipo nuevo. Me cost\u00f3 adaptarme en los entrenamientos porque el chasis es distinto a lo que estoy acostumbrado a manejar, mejoramos en la clasificaci\u00f3n con unos cambios que hicieron pero un rival nos tap\u00f3 la vuelta, son circunstancias\u00bb<\/strong><\/em>. Sin embargo, en fin de semana que tuvo su cuota de mala suerte, lo peor pas\u00f3 el domingo.<\/span><\/p>\n<p><span style=\"color: #000000;\"><em><strong>\u00abEn la primera final se par\u00f3 el karting en el caj\u00f3n, no pude arrancar y me chocaron desde atr\u00e1s. Me agarr\u00f3 parado, fue un golpe en seco y sent\u00ed varios golpes pero estoy bien. El equipo trabaj\u00f3 mucho para la segunda final, pudimos largar pero tuvimos la mala suerte de que un rival me choc\u00f3, sal\u00eda fuera y en la siguiente curva otro rival me choc\u00f3 se mont\u00f3 y me tuve que bajar a desenganchar\u00bb,<\/strong><\/em> relat\u00f3 L\u00f3pez sobre los inconvenientes que le impidieron llegar a la punta.<\/span><\/p>\n<p><span style=\"color: #000000;\">Pese a todo, destac\u00f3: <em><strong>\u00abIgualmente remontamos desde el fondo y sacando conclusiones con los tiempos estamos para pelear. Hasta terminamos con la vuelta m\u00e1s r\u00e1pida de la final\u00bb<\/strong><\/em>. Por esa raz\u00f3n, y por el buen nivel de trabajo que demostr\u00f3 en las pr\u00e1cticas, es que <strong>el GFA Sport lo confirm\u00f3 como piloto oficial para las 4 fechas que restan del certamen al igual que KTL, marca oficial que apoyar\u00e1 al joven realpadrino en las pr\u00f3ximas carreras.<\/strong><\/span><\/p>\n<p><span style=\"color: #000000;\">\u2022<strong>L.A.<\/strong><\/span><\/p>\n","protected":false},"excerpt":{"rendered":"<p>Lucas L\u00f3pez, oriundo de Real del Padre volvi\u00f3 a competir en uno de los mejores de campeonatos de Karting de Argentina &#8230;<\/p>\n","protected":false},"author":7,"featured_media":93371,"comment_status":"open","ping_status":"open","sticky":false,"template":"","format":"standard","meta":{"footnotes":""},"categories":[5,3],"tags":[],"class_list":["post-93362","post","type-post","status-publish","format-standard","has-post-thumbnail","hentry","category-actualidad","category-deportes"],"_links":{"self":[{"href":"https:\/\/vinasfm.com\/noticias\/wp-json\/wp\/v2\/posts\/93362","targetHints":{"allow":["GET"]}}],"collection":[{"href":"https:\/\/vinasfm.com\/noticias\/wp-json\/wp\/v2\/posts"}],"about":[{"href":"https:\/\/vinasfm.com\/noticias\/wp-json\/wp\/v2\/types\/post"}],"author":[{"embeddable":true,"href":"https:\/\/vinasfm.com\/noticias\/wp-json\/wp\/v2\/users\/7"}],"replies":[{"embeddable":true,"href":"https:\/\/vinasfm.com\/noticias\/wp-json\/wp\/v2\/comments?post=93362"}],"version-history":[{"count":4,"href":"https:\/\/vinasfm.com\/noticias\/wp-json\/wp\/v2\/posts\/93362\/revisions"}],"predecessor-version":[{"id":93379,"href":"https:\/\/vinasfm.com\/noticias\/wp-json\/wp\/v2\/posts\/93362\/revisions\/93379"}],"wp:featuredmedia":[{"embeddable":true,"href":"https:\/\/vinasfm.com\/noticias\/wp-json\/wp\/v2\/media\/93371"}],"wp:attachment":[{"href":"https:\/\/vinasfm.com\/noticias\/wp-json\/wp\/v2\/media?parent=93362"}],"wp:term":[{"taxonomy":"category","embeddable":true,"href":"https:\/\/vinasfm.com\/noticias\/wp-json\/wp\/v2\/categories?post=93362"},{"taxonomy":"post_tag","embeddable":true,"href":"https:\/\/vinasfm.com\/noticias\/wp-json\/wp\/v2\/tags?post=93362"}],"curies":[{"name":"wp","href":"https:\/\/api.w.org\/{rel}","templated":true}]}}