{"id":93355,"date":"2021-07-13T07:48:03","date_gmt":"2021-07-13T10:48:03","guid":{"rendered":"http:\/\/vinasfm.com\/noticias\/?p=93355"},"modified":"2021-07-13T12:45:16","modified_gmt":"2021-07-13T15:45:16","slug":"que-se-necesita-para-circular-en-mendoza-en-vacaciones-de-invierno","status":"publish","type":"post","link":"https:\/\/vinasfm.com\/noticias\/que-se-necesita-para-circular-en-mendoza-en-vacaciones-de-invierno\/","title":{"rendered":"QU\u00c9 SE NECESITA PARA CIRCULAR EN MENDOZA EN VACACIONES DE INVIERNO"},"content":{"rendered":"<h4><span style=\"color: #000000;\"><strong>Este lunes 12 de julio,\u00a0Mendoza entr\u00f3 en vacaciones de invierno, marcado por el receso escolar tanto primario como secundario. Esta situaci\u00f3n pretende ser aprovechada por muchas familias con el objetivo de tomarse algunos d\u00edas de descanso, aprovechando que la realidad sanitaria de la provincia est\u00e1 mucho m\u00e1s flexibilizada\u00a0que el a\u00f1o pasado.<\/strong><\/span><\/h4>\n<p><span style=\"color: #000000;\">Ahora bien, las preguntas que surgen antes de tomar la decisi\u00f3n son muchas: \u00bfSe necesita un permiso para circular en la provincia? \u00bfDebo reservar hotel o actividades de acuerdo a la terminaci\u00f3n del DNI? \u00bf\u00danicamente puedo vacacionar con mi familia, o tambi\u00e9n lo puedo hacer con amigos?<\/span><\/p>\n<h4><span style=\"color: #000000;\"><strong>Documentaci\u00f3n<\/strong><\/span><\/h4>\n<p><span style=\"color: #000000;\">Como siempre que se dispone a salir de vacaciones, es determinante llevar toda la documentaci\u00f3n correspondiente. Esto incluye los documentos de las personas que circulen en el transporte, los papeles vigentes del veh\u00edculo y, por supuesto, el seguro al d\u00eda. En este \u00faltimo caso, la documentaci\u00f3n puede ser digital y presentada ante las autoridades que la requieran a trav\u00e9s del tel\u00e9fono. La aplicaci\u00f3n Mi Argentina tambi\u00e9n sirve para mostrar la identificaci\u00f3n personal y el registro de conducir desde el dispositivo m\u00f3vil.<\/span><\/p>\n<h4 class=\"bullletsmall\"><span style=\"color: #000000;\"><strong>Circulaci\u00f3n<\/strong><\/span><\/h4>\n<p><span style=\"color: #000000;\">La circulaci\u00f3n por la provincia de Mendoza est\u00e1 liberada entre 5.30 y las 00.30. Entre ese tiempo, el traslado no est\u00e1 restringido. Para moverse de un lugar a otro no hay que tramitar ning\u00fan tipo de permiso ni bajar ninguna aplicaci\u00f3n.\u00a0<\/span><\/p>\n<p><span style=\"color: #000000;\">No obstante, en este caso se recomienda tener una reserva asegurada en el destino, con el objetivo de facilitar los tr\u00e1mites ante alg\u00fan control rutero, e incluso completar el Certificado Turismo aunque no sea obligatorio.<\/span><\/p>\n<h4 class=\"bullletsmall\"><span style=\"color: #000000;\"><strong>Reservas<\/strong><\/span><\/h4>\n<p><span style=\"color: #000000;\">De acuerdo a la actualizaci\u00f3n del decreto publicado por el Gobierno de Mendoza el \u00faltimo 6 de julio,\u00a0<b>no es necesario<\/b>\u00a0reservar en hoteler\u00eda o gastronom\u00eda de acuerdo a la\u00a0<b>terminaci\u00f3n del DNI.<\/b><\/span><\/p>\n<h4 class=\"bullletsmall\"><span style=\"color: #000000;\"><strong>\u00bfPuedo vacacionar con amigos?<\/strong><\/span><\/h4>\n<p><span style=\"color: #000000;\">S\u00ed, respetando siempre los protocolos vigentes en cuanto a establecimientos gastron\u00f3micos y cantidades permitidas. En ese sentido, las limitaciones tambi\u00e9n afectan a la capacidad de los alojamientos y al m\u00e1ximo permitido de pasajeros por habitaci\u00f3n.<\/span><\/p>\n<p><span style=\"color: #000000;\">Tambi\u00e9n debe cumplirse el horario de las 00.30 en cualquier tipo de reuni\u00f3n o actividad recreativa.<\/span><\/p>\n<h4 class=\"bullletsmall\"><span style=\"color: #000000;\"><strong>Para ingresar a Mendoza<\/strong><\/span><\/h4>\n<p><span style=\"color: #000000;\">Si ten\u00e9s amigos o familiares fuera de la provincia, y est\u00e1n pensando en invitarlos a pasar unos d\u00edas en alguno de nuestros maravillosos destinos tur\u00edsticos, lo pod\u00e9s hacer, teniendo en cuenta algunos aspectos. El primero es que todos aquellos quienes ingresen a Mendoza, deber\u00e1n presentar en los controles fronterizos o en el aeropuerto el Certificado Turismo.<\/span><\/p>\n<p><span style=\"color: #000000;\">En ese sentido, nuestra provincia no exige ni el certificado negativo de Covid, ni el seguro de viaje de Covid (o cobertura sanitaria). Para ingresar por tierra, cabe destacar que no est\u00e1 habilitados los pasos fronterizos entre las 00.30 y las 5.30 horas.<\/span><\/p>\n","protected":false},"excerpt":{"rendered":"<p>Este lunes 12 de julio,\u00a0Mendoza entr\u00f3 en vacaciones de invierno, marcado por el receso escolar tanto primario como secundario. Esta situaci\u00f3n &#8230;<\/p>\n","protected":false},"author":8,"featured_media":10253,"comment_status":"open","ping_status":"open","sticky":false,"template":"","format":"standard","meta":{"footnotes":""},"categories":[5,10],"tags":[],"class_list":["post-93355","post","type-post","status-publish","format-standard","has-post-thumbnail","hentry","category-actualidad","category-destacadas"],"_links":{"self":[{"href":"https:\/\/vinasfm.com\/noticias\/wp-json\/wp\/v2\/posts\/93355","targetHints":{"allow":["GET"]}}],"collection":[{"href":"https:\/\/vinasfm.com\/noticias\/wp-json\/wp\/v2\/posts"}],"about":[{"href":"https:\/\/vinasfm.com\/noticias\/wp-json\/wp\/v2\/types\/post"}],"author":[{"embeddable":true,"href":"https:\/\/vinasfm.com\/noticias\/wp-json\/wp\/v2\/users\/8"}],"replies":[{"embeddable":true,"href":"https:\/\/vinasfm.com\/noticias\/wp-json\/wp\/v2\/comments?post=93355"}],"version-history":[{"count":3,"href":"https:\/\/vinasfm.com\/noticias\/wp-json\/wp\/v2\/posts\/93355\/revisions"}],"predecessor-version":[{"id":93358,"href":"https:\/\/vinasfm.com\/noticias\/wp-json\/wp\/v2\/posts\/93355\/revisions\/93358"}],"wp:featuredmedia":[{"embeddable":true,"href":"https:\/\/vinasfm.com\/noticias\/wp-json\/wp\/v2\/media\/10253"}],"wp:attachment":[{"href":"https:\/\/vinasfm.com\/noticias\/wp-json\/wp\/v2\/media?parent=93355"}],"wp:term":[{"taxonomy":"category","embeddable":true,"href":"https:\/\/vinasfm.com\/noticias\/wp-json\/wp\/v2\/categories?post=93355"},{"taxonomy":"post_tag","embeddable":true,"href":"https:\/\/vinasfm.com\/noticias\/wp-json\/wp\/v2\/tags?post=93355"}],"curies":[{"name":"wp","href":"https:\/\/api.w.org\/{rel}","templated":true}]}}