{"id":93244,"date":"2021-07-14T11:00:46","date_gmt":"2021-07-14T14:00:46","guid":{"rendered":"http:\/\/vinasfm.com\/noticias\/?p=93244"},"modified":"2021-07-14T17:28:38","modified_gmt":"2021-07-14T20:28:38","slug":"la-lectura-del-edil-daniel-lopez-sobre-la-situacion-sanitaria-y-portezuelo-del-viento","status":"publish","type":"post","link":"https:\/\/vinasfm.com\/noticias\/la-lectura-del-edil-daniel-lopez-sobre-la-situacion-sanitaria-y-portezuelo-del-viento\/","title":{"rendered":"LA LECTURA DEL EDIL DANIEL L\u00d3PEZ SOBRE LA SITUACI\u00d3N SANITARIA Y PORTEZUELO DEL VIENTO"},"content":{"rendered":"<h4><strong><span style=\"color: #000000;\">El concejal Daniel L\u00f3pez del PRO viene trabajando en distintos puntos de la agenda del departamento con proyectos relacionados al cuidado del medioambiente, el apoyo al sistema de salud, y su personal, y fij\u00f3 su postura sobre el proyecto de construcci\u00f3n de Portezuelo del Viento.<\/span><\/strong><\/h4>\n<p><span style=\"color: #000000;\">En di\u00e1logo con <em><strong>F.M. VI\u00d1AS, <\/strong><\/em><strong>L\u00f3pez <\/strong>se refiri\u00f3 a la colocaci\u00f3n de recept\u00e1culos en distintos puntos de Alvear: <em><strong>&#8216;Este proyecto que es sencillo pero que ayude al cuidado del medio ambiente que es colocar recept\u00e1culos para que las colillas de aquellas personas que fumen y de los cigarrillos precisamente sean recolectadas y finalmente recicladas en un proyecto mejor para comprimir de esta manera el cuidado del medio ambiente, s\u00ed consideramos una colilla de cigarrillo contamina 50lt de agua&#8217;.<\/strong><\/em> <\/span><\/p>\n<p><span style=\"color: #000000;\">Esta fue idea surgi\u00f3 desde un comercio del departamento y se empez\u00f3 a trabajar para poder llevar a cabo un programa en General Alvear:<strong><em> &#8216;Siempre voy a recalcar que es una iniciativa que arranco con una prueba piloto en un comercio de nuestro de departamento donde nosotros le sumamos le damos estado y le damos importancia a eso, despu\u00e9s aceitamos el andamiaje para que el municipio comience a tener en cuenta y le de valor, se considere por los dem\u00e1s ediles y finalmente se implemente&#8217;,<\/em> <\/strong>agreg\u00f3.<\/span><\/p>\n<p><span style=\"color: #000000;\">Las colillas recolectadas van a ser utilizada para la fabricaci\u00f3n de ladrillos:<em><strong> &#8216;Entend\u00edamos hab\u00eda que ponerlo en practica, hab\u00eda que darle forma, no acababa con un proyect\u00f3 de poner el recept\u00e1culo sino ver que hac\u00edamos con el producido de eso, esto es lo importante de reciclar que es una empresa comprometida con el medio ambiente que adem\u00e1s de la disposici\u00f3n termina en la creaci\u00f3n de ladrillo de alguna manera vamos cerrando c\u00edrculos donde los residuos que nosotros producimos en la vida diaria&#8217;,<\/strong><\/em> se\u00f1al\u00f3 sobre el pr\u00f3ximo tratamiento de la colilla.\u00a0<\/span><\/p>\n<p><span style=\"color: #000000;\">En esta primera etapa de han colocado 20 recept\u00e1culos en distintos puntos del departamento en espacios p\u00fablicos, bancos y distritos: <strong><em>&#8216;Hay muchos interesados para decirnos ac\u00e1 hace falta uno, ac\u00e1 hace falto otro, vamos a ir paso a paso va a contribuir con la salud y el medioambiental&#8217;<\/em><\/strong>, destac\u00f3. Tambi\u00e9n hay quienes por decisi\u00f3n y responsabilidad propia han colocado estos recept\u00e1culos de colillas de cigarrillo, los alvearenses son muy conscientes y responsables con el cuidado del medioambiente.<\/span><\/p>\n<h4><span style=\"color: #000000;\"><strong>APOYO AL RECLAMO DEL PERSONAL DE LA SALUD<\/strong><\/span><\/h4>\n<p><span style=\"color: #000000;\">Entre los temas que se han trabajado desde el Concejo Deliberante, Daniel L\u00f3pez ha estado en contacto y comunicaci\u00f3n con personal de la salud que es un tema que preocupa a toda la sociedad, <strong><em>&#8216;ven\u00edamos manteniendo en los \u00faltimos d\u00edas reuniones informales para conocer realmente cu\u00e1l era la situaci\u00f3n m\u00e1s all\u00e1 si bien la conocemos pero conocer desde adentro como la esta padeciendo el trabajador y cuales son las realidades que estaban sucediendo, las diferentes cuestiones que solamente ellos que nos pueden contar y por eso hab\u00edamos decidido estar muy cerca de ellos y conocer lo que pasa internamente mas all\u00e1 de lo que podemos conocer por la administraci\u00f3n general o por las direcciones, necesit\u00e1bamos ver que pasaba desde el menor rango, el que la vive d\u00eda a d\u00eda, que la padece d\u00eda a d\u00eda, por eso hab\u00eda decidido de forma personal irme reuniendo con todos ellos&#8217;<\/em><\/strong>, indica al respecto.<\/span><\/p>\n<p><span style=\"color: #000000;\"><strong><em>&#8216;Tenemos que estar cerca, no alcanzaba con las redes sociales, con el reconocimiento publico hacia afuera sino tratar de estar ah\u00ed cerca, de ver cual es la realidad de la situaci\u00f3n independientemente el color pol\u00edtico el covid no ha terminado y los trabajadores, los que realmente le han puesto el pecho m\u00ednimo tenemos que estar cerca de ellos&#8217;<\/em><\/strong>, subray\u00f3 el edil.<\/span><\/p>\n<p><span style=\"color: #000000;\"><span style=\"color: #000000;\">La pandemia ha mostrado todas las faltas y fallas del sistema sanitario tanto a nivel pa\u00eds, provincia y departamental,<\/span><em><b style=\"color: #000000;\"> &#8216;cuando uno empieza indagar y empieza a tener este tipo de conversaciones empieza encontrar un sin n\u00famero de necesidades que tambi\u00e9n las expuso al descubierto esta pandemia, teniendo en cuenta que para el ciudadano com\u00fan los paradigma cambiaron, el covid nos puso en prioridad hoy las salud por <\/b><span style=\"color: #000000;\"><b>encima<\/b><\/span><b style=\"color: #000000;\">\u00a0de toda otra prioridad&#8217;<\/b><\/em><span style=\"color: #000000;\">, concluy\u00f3.<\/span><\/span><\/p>\n<p><span style=\"color: #000000;\"><strong><em>&#8216;Hay que empezar a trabajar en un proyecto en com\u00fan de ense\u00f1ar una pol\u00edtica publica de salud para el departamento teniendo en cuenta las zonas de influencias que hemos tenido hablamos de Punta del Agua, de Uni\u00f3n, de Jaime Prats, de Real del Padre podemos enumerar un mont\u00f3n de situaciones en las cuales si bien el hospital de un departamento la zona de influencia es mucho mas grande que inclusive otros departamentos que tienen mejores condiciones edilicias y sanitarias<\/em><\/strong>&#8216;, remarc\u00f3 Daniel L\u00f3pez.<\/span><\/p>\n<h4><span style=\"color: #000000;\"><strong>POSTURA SOBRE PORTEZUELO DEL VIENTO<\/strong><\/span><\/h4>\n<p><span style=\"color: #000000;\"><span style=\"color: #000000;\">Entre todos los temas que hoy preocupan al departamento y a la sociedad, el tema que m\u00e1s preocupa a los agricultores es la construcci\u00f3n de la obra de Portezuelo del Viento sin trasvase y se han hecho reclamos para que se construya Portezuelo del Viento con trasvase, <\/span><em><b style=\"color: #000000;\">&#8216;necesitamos de manera urgente y mas teniendo en cuenta el fallo de la corte suprema de justicia donde nos dictaminan que tenemos que otorgarle a la pampa continuamente 3.2 metros <\/b><span style=\"color: #000000;\"><b>c\u00fabicos<\/b><\/span><b style=\"color: #000000;\"> por segundo de agua creo que a partir de ah\u00ed, creo que a partir de entonces necesitamos el trasvase&#8217;,<\/b><\/em> <span style=\"color: #000000;\">remarc\u00f3.<\/span><\/span><\/p>\n<p><span style=\"color: #000000;\"><em><b style=\"color: #000000;\">&#8216;No soy de la idea de oponerse a las grandes obras, las grandes obras apuntan al desarrollo a la generaci\u00f3n de empleo, el an\u00e1lisis que vienen haciendo las \u00faltimas 5 o 6 d\u00e9cadas respecto a portezuelo, para ellos hay t\u00e9cnicos, hay juristas que han estado <\/b><span style=\"color: #000000;\"><b>analiz\u00e1ndolo<\/b><\/span><b style=\"color: #000000;\"> inclusive&#8217;<\/b><\/em><span style=\"color: #000000;\">, finaliz\u00f3 al respecto el edil Daniel L\u00f3pez.<\/span><\/span><\/p>\n<h5><span style=\"color: #000000;\">\u2022Carla Fuentes.<\/span><\/h5>\n","protected":false},"excerpt":{"rendered":"<p>El concejal Daniel L\u00f3pez del PRO viene trabajando en distintos puntos de la agenda del departamento con proyectos relacionados al cuidado &#8230;<\/p>\n","protected":false},"author":7,"featured_media":79438,"comment_status":"open","ping_status":"open","sticky":false,"template":"","format":"standard","meta":{"footnotes":""},"categories":[5,26],"tags":[],"class_list":["post-93244","post","type-post","status-publish","format-standard","has-post-thumbnail","hentry","category-actualidad","category-hcd"],"_links":{"self":[{"href":"https:\/\/vinasfm.com\/noticias\/wp-json\/wp\/v2\/posts\/93244","targetHints":{"allow":["GET"]}}],"collection":[{"href":"https:\/\/vinasfm.com\/noticias\/wp-json\/wp\/v2\/posts"}],"about":[{"href":"https:\/\/vinasfm.com\/noticias\/wp-json\/wp\/v2\/types\/post"}],"author":[{"embeddable":true,"href":"https:\/\/vinasfm.com\/noticias\/wp-json\/wp\/v2\/users\/7"}],"replies":[{"embeddable":true,"href":"https:\/\/vinasfm.com\/noticias\/wp-json\/wp\/v2\/comments?post=93244"}],"version-history":[{"count":14,"href":"https:\/\/vinasfm.com\/noticias\/wp-json\/wp\/v2\/posts\/93244\/revisions"}],"predecessor-version":[{"id":93435,"href":"https:\/\/vinasfm.com\/noticias\/wp-json\/wp\/v2\/posts\/93244\/revisions\/93435"}],"wp:featuredmedia":[{"embeddable":true,"href":"https:\/\/vinasfm.com\/noticias\/wp-json\/wp\/v2\/media\/79438"}],"wp:attachment":[{"href":"https:\/\/vinasfm.com\/noticias\/wp-json\/wp\/v2\/media?parent=93244"}],"wp:term":[{"taxonomy":"category","embeddable":true,"href":"https:\/\/vinasfm.com\/noticias\/wp-json\/wp\/v2\/categories?post=93244"},{"taxonomy":"post_tag","embeddable":true,"href":"https:\/\/vinasfm.com\/noticias\/wp-json\/wp\/v2\/tags?post=93244"}],"curies":[{"name":"wp","href":"https:\/\/api.w.org\/{rel}","templated":true}]}}