{"id":93178,"date":"2021-07-08T08:40:18","date_gmt":"2021-07-08T11:40:18","guid":{"rendered":"http:\/\/vinasfm.com\/noticias\/?p=93178"},"modified":"2021-07-09T08:44:56","modified_gmt":"2021-07-09T11:44:56","slug":"presentaron-el-programa-de-reciclado-de-colillas-de-cigarrillos","status":"publish","type":"post","link":"https:\/\/vinasfm.com\/noticias\/presentaron-el-programa-de-reciclado-de-colillas-de-cigarrillos\/","title":{"rendered":"PRESENTARON EL PROGRAMA DE RECICLADO DE COLILLAS DE CIGARRILLOS"},"content":{"rendered":"<h4><span style=\"color: #000000;\"><strong>La Municipalidad de General Alvear colocar\u00e1 20 colilleros en distintos puntos de la Ciudad. Esto surge tras la aprobaci\u00f3n de la Ordenanza 4647\/20, del Concejo Deliberante.<\/strong><\/span><\/h4>\n<p><span style=\"color: #000000;\"> El <strong>Director de Gesti\u00f3n Ambiental Rainero Caterbetti<\/strong> se refiri\u00f3 a la colocaci\u00f3n de estos veinte colilleros: \u201c<strong><em>Esto tiene doble impacto, por un lado retirar las colillas, que son capaces de contaminar hasta 50 lts de agua, y por otro lado tomar estos residuos y convertirlos en una sustancia de valor, como puede ser un ladrillo reciclable, esta tarea se va a realizar en una empresa de Mendoza llamada Reciclemo<\/em><\/strong>s\u201d. <\/span><\/p>\n<p><span style=\"color: #000000;\">Es de destacar que esta empresa <strong>realiza un proceso biotecnol\u00f3gico<\/strong>, retirando todos los elementos t\u00f3xicos, teniendo un pol\u00edmero comprimido, y dando como resultado final un <strong><em>ladrillo ecol\u00f3gico<\/em><\/strong>. <\/span><\/p>\n<p><span style=\"color: #000000;\">En una primera etapa, los colilleros se instalar\u00e1n en: <\/span><\/p>\n<p><span style=\"color: #000000;\">Entrada de la <strong>Municipalidad, HCD, Hospital (2), Sanatorio GASA, Sanatorio ATUEL, Teatro, Polideportivo, Delegaci\u00f3n Carmensa, Delegaci\u00f3n Oeste, Delegaci\u00f3n Bowen, Banco de la Naci\u00f3n, Banco S\u00fapervielle, Centro de salud de Bowen, Cecsagal<\/strong>.<\/span><\/p>\n<p><span style=\"color: #000000;\"> Este proyecto busca generar conciencia en los vecinos para no arrojar las colillas a la calle y dar un uso a este residuo. <\/span><\/p>\n<p><span style=\"color: #000000;\">El <strong>concejal del PRO Daniel L\u00f3pez<\/strong>, quien dise\u00f1\u00f3 el proyecto, expres\u00f3: \u201c<strong><em>Este proyecto fue aprobado el a\u00f1o pasado, antes del inicio de la pandemia, para cumplir con uno de los objetivos de la ODS. La idea es promover el cuidado del medio ambiente<\/em><\/strong>\u201d.<\/span><\/p>\n<h5><span style=\"color: #000000;\">\u2022F.B.<\/span><\/h5>\n","protected":false},"excerpt":{"rendered":"<p>La Municipalidad de General Alvear colocar\u00e1 20 colilleros en distintos puntos de la Ciudad. Esto surge tras la aprobaci\u00f3n de la &#8230;<\/p>\n","protected":false},"author":8,"featured_media":93179,"comment_status":"open","ping_status":"open","sticky":false,"template":"","format":"standard","meta":{"footnotes":""},"categories":[1],"tags":[],"class_list":["post-93178","post","type-post","status-publish","format-standard","has-post-thumbnail","hentry","category-fmvinas"],"_links":{"self":[{"href":"https:\/\/vinasfm.com\/noticias\/wp-json\/wp\/v2\/posts\/93178","targetHints":{"allow":["GET"]}}],"collection":[{"href":"https:\/\/vinasfm.com\/noticias\/wp-json\/wp\/v2\/posts"}],"about":[{"href":"https:\/\/vinasfm.com\/noticias\/wp-json\/wp\/v2\/types\/post"}],"author":[{"embeddable":true,"href":"https:\/\/vinasfm.com\/noticias\/wp-json\/wp\/v2\/users\/8"}],"replies":[{"embeddable":true,"href":"https:\/\/vinasfm.com\/noticias\/wp-json\/wp\/v2\/comments?post=93178"}],"version-history":[{"count":1,"href":"https:\/\/vinasfm.com\/noticias\/wp-json\/wp\/v2\/posts\/93178\/revisions"}],"predecessor-version":[{"id":93180,"href":"https:\/\/vinasfm.com\/noticias\/wp-json\/wp\/v2\/posts\/93178\/revisions\/93180"}],"wp:featuredmedia":[{"embeddable":true,"href":"https:\/\/vinasfm.com\/noticias\/wp-json\/wp\/v2\/media\/93179"}],"wp:attachment":[{"href":"https:\/\/vinasfm.com\/noticias\/wp-json\/wp\/v2\/media?parent=93178"}],"wp:term":[{"taxonomy":"category","embeddable":true,"href":"https:\/\/vinasfm.com\/noticias\/wp-json\/wp\/v2\/categories?post=93178"},{"taxonomy":"post_tag","embeddable":true,"href":"https:\/\/vinasfm.com\/noticias\/wp-json\/wp\/v2\/tags?post=93178"}],"curies":[{"name":"wp","href":"https:\/\/api.w.org\/{rel}","templated":true}]}}