{"id":93151,"date":"2021-07-08T23:55:40","date_gmt":"2021-07-09T02:55:40","guid":{"rendered":"http:\/\/vinasfm.com\/noticias\/?p=93151"},"modified":"2021-07-09T08:46:37","modified_gmt":"2021-07-09T11:46:37","slug":"conductor-a-bordo-de-un-utilitario-perdio-el-control-e-impacto-varios-vehiculos-estacionados","status":"publish","type":"post","link":"https:\/\/vinasfm.com\/noticias\/conductor-a-bordo-de-un-utilitario-perdio-el-control-e-impacto-varios-vehiculos-estacionados\/","title":{"rendered":"CONDUCTOR A BORDO DE UN UTILITARIO PERDI\u00d3 EL CONTROL E IMPACT\u00d3 VARIOS VEH\u00cdCULOS ESTACIONADOS"},"content":{"rendered":"<h4><strong><span style=\"color: #000000;\">Un hombre, oriundo de San Rafael, que transportaba alimentos en un veh\u00edculo con cabina t\u00e9rmica colision\u00f3 contra autos estacionados en calles del radio c\u00e9ntrico alvearense. El chofer acus\u00f3 sufrir una descompensaci\u00f3n y el test de alcoholemia dio negativo.<\/span><\/strong><\/h4>\n<p><span style=\"color: #000000;\">El incidente comenz\u00f3 en la intersecci\u00f3n de <strong>Paso de Los Andes e Ingeniero Lange<\/strong> cuando el conductor a bordo de un veh\u00edculo <strong>Renault<\/strong> gir\u00f3 a la izquierda <strong>en direcci\u00f3n hacia la Avenida Alvear Oeste, perdi\u00f3 el control y choc\u00f3 a un auto Peugeot 405 (blanco), que consecuentemente impact\u00f3 contra una camioneta Chevrolet S10 (blanca). <\/strong><\/span><\/p>\n<p><span style=\"color: #000000;\">Luego de este primer impacto, <strong>el utilitario marca Renault continu\u00f3 su marcha, cruz\u00f3 la avenida principal y golpe\u00f3 a un Ford Ka Sel<\/strong> (blanco) que tambi\u00e9n estaba correctamente estacionado.<\/span><\/p>\n<p><span style=\"color: #000000;\">El hombre que provoc\u00f3 estos siniestros <strong>se detuvo algunos metros m\u00e1s adelante y en ese momento aseguro que recuper\u00f3 el conocimiento<\/strong>, ya que previamente se le habr\u00eda bajado la presi\u00f3n y por eso raz\u00f3n perdi\u00f3 el control sobre el veh\u00edculo. <\/span><\/p>\n<p><span style=\"color: #000000;\">La <strong>Polic\u00eda Cient\u00edfica intervino en el lugar para llevar a cabo las averiguaciones correspondientes y determin\u00f3 a los veh\u00edculos mencionados previamente como los implicados en el siniestro<\/strong>. Adem\u00e1s, <strong>tras realizarle el dosaje de alcohol, dio 0.0 por el cual confirmaron que no estaba en estado de ebriedad.<\/strong><\/span><\/p>\n<p><span style=\"color: #000000;\">Por otra parte, <strong>de acuerdo a testigos del hecho, habr\u00eda m\u00e1s movilidades afectadas por este dram\u00e1tico accidente m\u00faltipl<\/strong>e que afortunadamente no termin\u00f3 en tragedia y <strong>del cual no result\u00f3 ninguna persona herida.<\/strong><\/span><\/p>\n<h5><span style=\"color: #000000;\">\u2022L.A.<\/span><\/h5>\n","protected":false},"excerpt":{"rendered":"<p>Un hombre, oriundo de San Rafael, que transportaba alimentos en un veh\u00edculo con cabina t\u00e9rmica colision\u00f3 contra autos estacionados en calles &#8230;<\/p>\n","protected":false},"author":7,"featured_media":93153,"comment_status":"open","ping_status":"open","sticky":false,"template":"","format":"standard","meta":{"footnotes":""},"categories":[5,1,4],"tags":[],"class_list":["post-93151","post","type-post","status-publish","format-standard","has-post-thumbnail","hentry","category-actualidad","category-fmvinas","category-policiales"],"_links":{"self":[{"href":"https:\/\/vinasfm.com\/noticias\/wp-json\/wp\/v2\/posts\/93151","targetHints":{"allow":["GET"]}}],"collection":[{"href":"https:\/\/vinasfm.com\/noticias\/wp-json\/wp\/v2\/posts"}],"about":[{"href":"https:\/\/vinasfm.com\/noticias\/wp-json\/wp\/v2\/types\/post"}],"author":[{"embeddable":true,"href":"https:\/\/vinasfm.com\/noticias\/wp-json\/wp\/v2\/users\/7"}],"replies":[{"embeddable":true,"href":"https:\/\/vinasfm.com\/noticias\/wp-json\/wp\/v2\/comments?post=93151"}],"version-history":[{"count":4,"href":"https:\/\/vinasfm.com\/noticias\/wp-json\/wp\/v2\/posts\/93151\/revisions"}],"predecessor-version":[{"id":93173,"href":"https:\/\/vinasfm.com\/noticias\/wp-json\/wp\/v2\/posts\/93151\/revisions\/93173"}],"wp:featuredmedia":[{"embeddable":true,"href":"https:\/\/vinasfm.com\/noticias\/wp-json\/wp\/v2\/media\/93153"}],"wp:attachment":[{"href":"https:\/\/vinasfm.com\/noticias\/wp-json\/wp\/v2\/media?parent=93151"}],"wp:term":[{"taxonomy":"category","embeddable":true,"href":"https:\/\/vinasfm.com\/noticias\/wp-json\/wp\/v2\/categories?post=93151"},{"taxonomy":"post_tag","embeddable":true,"href":"https:\/\/vinasfm.com\/noticias\/wp-json\/wp\/v2\/tags?post=93151"}],"curies":[{"name":"wp","href":"https:\/\/api.w.org\/{rel}","templated":true}]}}