{"id":93120,"date":"2021-07-08T15:30:45","date_gmt":"2021-07-08T18:30:45","guid":{"rendered":"http:\/\/vinasfm.com\/noticias\/?p=93120"},"modified":"2021-07-09T08:42:39","modified_gmt":"2021-07-09T11:42:39","slug":"gremios-pie-de-lucha-piden-que-el-gobierno-mejore-la-oferta-salarial","status":"publish","type":"post","link":"https:\/\/vinasfm.com\/noticias\/gremios-pie-de-lucha-piden-que-el-gobierno-mejore-la-oferta-salarial\/","title":{"rendered":"GREMIOS EN PIE DE LUCHA PIDEN QUE EL GOBIERNO MEJORE LA OFERTA SALARIAL"},"content":{"rendered":"<h4><span style=\"color: #000000;\"><strong>Por segundo d\u00eda consecutivo, los trabajadores de Salud acompa\u00f1ados por el ATE (Asociaci\u00f3n Trabajadores del Estado) y ATSA (Asociaci\u00f3n Trabajadores de la Sanidad Argentina) se movilizaron desde el hospital local hasta el Monumento del Km 0 por la Av. Alvear Oeste reclamando un mejor ofrecimiento salarial por parte del gobierno de Mendoza.<\/strong><\/span><\/h4>\n<p><span style=\"color: #000000;\">La <strong>representante de ATE en Alvear<\/strong>, <strong>Valeria Olgu\u00edn<\/strong> dialog\u00f3 con <strong>F.M. VI\u00d1AS<\/strong> sobre la preocupaci\u00f3n del sector ante el \u00faltimo ofrecimiento paritario y afirm\u00f3 que estas medidas son a fin de &#8216;<strong><em>demostrarle al Gobernador, a la Ministra de Salud y al Ministro de Hacienda que los trabajadores salimos a la calle, como corresponde, pidiendo por un salario digno y que nosotros no queremos aumentos por decreto, queremos una discusi\u00f3n y un aumento real<\/em><\/strong>&#8216;.<\/span><\/p>\n<p><span style=\"color: #000000;\">En la misma linea subray\u00f3 que el reclamo es en pos de los trabajadores de la salud y de la administraci\u00f3n central, quienes considero que no pueden estar percibiendo un sueldo tan bajo: &#8216;<strong><em>A nivel nacional se ha cerrado al 40% y han tenido paritarias 2020 y nosotros en Mendoza no. No pueden seguir haciendo lo que hacen, no pueden seguir privatizando la salud, no pueden seguir teniendo chicos contratados con $12 mil, no podemos estar pensado que de ac\u00e1 a diciembre van a quedar sin contrato<\/em><\/strong>&#8216;.<\/span><\/p>\n<p><span style=\"color: #000000;\">Consultada si desde el Ejecutivo provincial han tenido un acercamiento al gremio para consensuar el incremento salarial, Olgu\u00edn aclar\u00f3 que &#8216;<strong><em>todav\u00eda no hay nada. Hay di\u00e1logos entre nuestros representantes sindicales y el gobierno pero obviamente sigue siendo el mismo porque sino hoy tendr\u00edamos una propuesta real<\/em><\/strong>&#8216;.<\/span><\/p>\n<p><span style=\"color: #000000;\">La representante local del gremio record\u00f3 que el gobierno ofreci\u00f3 un 5%, luego un 7% y despu\u00e9s ofreci\u00f3 un 9% pagado en dos cuotas: &#8216;<strong><em>Nosotros necesitamos un salario real que al compa\u00f1ero le quede el 45% de aumento en el bolsillo, lo necesitamos porque es real y mucho m\u00e1s<\/em><\/strong>&#8216;, consider\u00f3 teniendo en cuenta que ante el incremento de la inflaci\u00f3n los aumentos que ofrece el gobierno provincial son insuficientes.<\/span><\/p>\n<p><span style=\"color: #000000;\">Luego de resaltando la importante labor del personal de Salud en el marco de la pandemia, Valeria manifest\u00f3 que ATE est\u00e1 d\u00eda a d\u00eda comunic\u00e1ndose con todos los trabajadores: &#8216;<strong><em>Ellos est\u00e1n con nosotros, nos acompa\u00f1an y acompa\u00f1an el reclamo porque es un reclamo de ellos, as\u00ed que ac\u00e1 estamos. Si el gobierno nos\u00a0 llama a paritar todo se bajan las bases y si se bajan las bases son los trabajadores los que deciden si aceptan y rechazan<\/em><\/strong>&#8216;.<\/span><\/p>\n<p><span style=\"color: #000000;\">Finalmente asegur\u00f3 que en un eventual rechazo al ofrecimiento que proponga Mendoza, &#8216;<strong><em>el gobernador lo har\u00e1 por decreto y le vamos a dar vuelta ese decretazo porque la gente de Alvear va a salir y no ser\u00e1 solamente ac\u00e1, vamos a salir a cortar rutas, a panfletear y vamos a dar pelea<\/em><\/strong>&#8216;, concluy\u00f3.<\/span><\/p>\n","protected":false},"excerpt":{"rendered":"<p>Por segundo d\u00eda consecutivo, los trabajadores de Salud acompa\u00f1ados por el ATE (Asociaci\u00f3n Trabajadores del Estado) y ATSA (Asociaci\u00f3n Trabajadores de &#8230;<\/p>\n","protected":false},"author":7,"featured_media":93136,"comment_status":"open","ping_status":"open","sticky":false,"template":"","format":"standard","meta":{"footnotes":""},"categories":[5,10],"tags":[],"class_list":["post-93120","post","type-post","status-publish","format-standard","has-post-thumbnail","hentry","category-actualidad","category-destacadas"],"_links":{"self":[{"href":"https:\/\/vinasfm.com\/noticias\/wp-json\/wp\/v2\/posts\/93120","targetHints":{"allow":["GET"]}}],"collection":[{"href":"https:\/\/vinasfm.com\/noticias\/wp-json\/wp\/v2\/posts"}],"about":[{"href":"https:\/\/vinasfm.com\/noticias\/wp-json\/wp\/v2\/types\/post"}],"author":[{"embeddable":true,"href":"https:\/\/vinasfm.com\/noticias\/wp-json\/wp\/v2\/users\/7"}],"replies":[{"embeddable":true,"href":"https:\/\/vinasfm.com\/noticias\/wp-json\/wp\/v2\/comments?post=93120"}],"version-history":[{"count":6,"href":"https:\/\/vinasfm.com\/noticias\/wp-json\/wp\/v2\/posts\/93120\/revisions"}],"predecessor-version":[{"id":93137,"href":"https:\/\/vinasfm.com\/noticias\/wp-json\/wp\/v2\/posts\/93120\/revisions\/93137"}],"wp:featuredmedia":[{"embeddable":true,"href":"https:\/\/vinasfm.com\/noticias\/wp-json\/wp\/v2\/media\/93136"}],"wp:attachment":[{"href":"https:\/\/vinasfm.com\/noticias\/wp-json\/wp\/v2\/media?parent=93120"}],"wp:term":[{"taxonomy":"category","embeddable":true,"href":"https:\/\/vinasfm.com\/noticias\/wp-json\/wp\/v2\/categories?post=93120"},{"taxonomy":"post_tag","embeddable":true,"href":"https:\/\/vinasfm.com\/noticias\/wp-json\/wp\/v2\/tags?post=93120"}],"curies":[{"name":"wp","href":"https:\/\/api.w.org\/{rel}","templated":true}]}}