{"id":93114,"date":"2021-07-08T16:30:20","date_gmt":"2021-07-08T19:30:20","guid":{"rendered":"http:\/\/vinasfm.com\/noticias\/?p=93114"},"modified":"2021-07-09T08:43:12","modified_gmt":"2021-07-09T11:43:12","slug":"el-municipio-y-el-inta-firmaron-un-convenio-para-fortalecer-el-desarrollo-territorial","status":"publish","type":"post","link":"https:\/\/vinasfm.com\/noticias\/el-municipio-y-el-inta-firmaron-un-convenio-para-fortalecer-el-desarrollo-territorial\/","title":{"rendered":"EL MUNICIPIO Y EL INTA FIRMARON UN CONVENIO PARA FORTALECER EL DESARROLLO TERRITORIAL"},"content":{"rendered":"<h4><span style=\"color: #000000;\"><strong>El intendente Walther Marcolini firm\u00f3 un convenio con el INTA para contribuir al desarrollo territorial mediante la elaboraci\u00f3n de proyectos, planificar actividades de transferencia y extensi\u00f3n y acordar actividades de capacitaci\u00f3n en las distintas \u00e1reas y distritos del departamento.<\/strong> <\/span><\/h4>\n<p><span style=\"color: #000000;\">Este mi\u00e9rcoles<strong> se realiz\u00f3 la firma de un convenio por parte del Intendente y la Directora de la Estaci\u00f3n Experimental del INTA Rama Ca\u00edda Cecilia Picca<\/strong>, para trabajar importantes temas como la <strong>micro propagaci\u00f3n de vides libres de virus, junto a Ugacoop y tambi\u00e9n sobre el Cannabis <\/strong><\/span><\/p>\n<p><span style=\"color: #000000;\">&#8216;<strong><em>Hoy ha publicado el Gobierno de Mendoza todos los protocolos, adem\u00e1s avanza una nueva ley en el Congreso de la Naci\u00f3n, que esperamos que en poco tiempo est\u00e9 sancionada. Eso va a permitir que la industria se desarrolle en toda su cadena como tal, es decir que el Instituto Nacional de Semillas <\/em><\/strong>&#8211;<strong>INASE<\/strong>&#8211;<strong><em> permita la importaci\u00f3n de semillas y se pueda llegar a la elaboraci\u00f3n del aceite y terminar con esa cadena productiva, con destino al uso medicinal<\/em><\/strong>&#8216;, explic\u00f3 Picca.<\/span><\/p>\n<p><span style=\"color: #000000;\">El Jefe Comunal tambi\u00e9n se refiri\u00f3 al trabajo que desarrollan en conjunto el <strong>\u00c1rea de Cooperaci\u00f3n Internacional<\/strong> y la<strong> Secretar\u00eda de Desarrollo Econ\u00f3mico<\/strong> para la eficiencia energ\u00e9tica con el <strong>Centro Copenhague<\/strong>, y si bien la pandemia lo fren\u00f3 en 2.020, las tareas se han retomado y es necesaria una articulaci\u00f3n en red con el <strong>INTA, INTI<\/strong>, la <strong>Agencia de Innovaci\u00f3n Tecnol\u00f3gica de la Provincia de Mendoza<\/strong>, el <strong>EPRE<\/strong> y <strong>ENESA<\/strong>. <\/span><\/p>\n<p><span style=\"color: #000000;\">&#8216;<strong><em>Es muy importante que podamos retomar las acciones, siempre pensando en hacer un distrito t\u00e9rmico chico, como prueba piloto en General Alvear, para que despu\u00e9s se pueda replicar en otras partes del Pa\u00eds<\/em><\/strong>&#8216;, resalt\u00f3 Marcolini.<\/span><\/p>\n<h5><span style=\"color: #000000;\">\u2022F.B.<\/span><\/h5>\n","protected":false},"excerpt":{"rendered":"<p>El intendente Walther Marcolini firm\u00f3 un convenio con el INTA para contribuir al desarrollo territorial mediante la elaboraci\u00f3n de proyectos, planificar &#8230;<\/p>\n","protected":false},"author":8,"featured_media":93115,"comment_status":"open","ping_status":"open","sticky":false,"template":"","format":"standard","meta":{"footnotes":""},"categories":[5,10],"tags":[],"class_list":["post-93114","post","type-post","status-publish","format-standard","has-post-thumbnail","hentry","category-actualidad","category-destacadas"],"_links":{"self":[{"href":"https:\/\/vinasfm.com\/noticias\/wp-json\/wp\/v2\/posts\/93114","targetHints":{"allow":["GET"]}}],"collection":[{"href":"https:\/\/vinasfm.com\/noticias\/wp-json\/wp\/v2\/posts"}],"about":[{"href":"https:\/\/vinasfm.com\/noticias\/wp-json\/wp\/v2\/types\/post"}],"author":[{"embeddable":true,"href":"https:\/\/vinasfm.com\/noticias\/wp-json\/wp\/v2\/users\/8"}],"replies":[{"embeddable":true,"href":"https:\/\/vinasfm.com\/noticias\/wp-json\/wp\/v2\/comments?post=93114"}],"version-history":[{"count":2,"href":"https:\/\/vinasfm.com\/noticias\/wp-json\/wp\/v2\/posts\/93114\/revisions"}],"predecessor-version":[{"id":93118,"href":"https:\/\/vinasfm.com\/noticias\/wp-json\/wp\/v2\/posts\/93114\/revisions\/93118"}],"wp:featuredmedia":[{"embeddable":true,"href":"https:\/\/vinasfm.com\/noticias\/wp-json\/wp\/v2\/media\/93115"}],"wp:attachment":[{"href":"https:\/\/vinasfm.com\/noticias\/wp-json\/wp\/v2\/media?parent=93114"}],"wp:term":[{"taxonomy":"category","embeddable":true,"href":"https:\/\/vinasfm.com\/noticias\/wp-json\/wp\/v2\/categories?post=93114"},{"taxonomy":"post_tag","embeddable":true,"href":"https:\/\/vinasfm.com\/noticias\/wp-json\/wp\/v2\/tags?post=93114"}],"curies":[{"name":"wp","href":"https:\/\/api.w.org\/{rel}","templated":true}]}}