{"id":93092,"date":"2021-07-07T00:31:22","date_gmt":"2021-07-07T03:31:22","guid":{"rendered":"http:\/\/vinasfm.com\/noticias\/?p=93092"},"modified":"2021-07-08T12:53:46","modified_gmt":"2021-07-08T15:53:46","slug":"cuales-son-las-nuevas-disposiciones-para-los-prestadores-del-servicio-de-remis","status":"publish","type":"post","link":"https:\/\/vinasfm.com\/noticias\/cuales-son-las-nuevas-disposiciones-para-los-prestadores-del-servicio-de-remis\/","title":{"rendered":"CU\u00c1LES SON LAS NUEVAS DISPOSICIONES PARA LOS PRESTADORES DEL SERVICIO DE REMIS"},"content":{"rendered":"<h4><span style=\"color: #000000;\"><strong>Los permisionarios de este servicio deber\u00e1n contar con un predio propio o de terceros para la guarda o espera de los veh\u00edculos, el cual deber\u00e1 ser declarado ante el Ente de la Movilidad Provincial.<\/strong><\/span><\/h4>\n<p><span style=\"color: #000000;\">El <strong>Ente de la Movilidad Provincial (EMOP)<\/strong> public\u00f3 una nueva normativa en el\u00a0<em>Bolet\u00edn Oficial<\/em>, que deber\u00e1 cumplimentar todo el servicio de rem\u00eds en un plazo de 30 d\u00edas.<\/span><\/p>\n<p><span style=\"color: #000000;\">La <strong>Resoluci\u00f3n 1616\/21<\/strong> establece que <strong>los permisionarios tendr\u00e1n que informar, mediante la declaraci\u00f3n jurada que figura en el Anexo I de la norma, un predio de guarda para los veh\u00edculos, tel\u00e9fonos de contacto y plataformas electr\u00f3nicas mediante las cuales se concretar\u00e1 el pedido del servicio<\/strong>. El documento tendr\u00e1 que enviarse por correo electr\u00f3nico a\u00a0<span style=\"color: #3366ff;\"><strong><a style=\"color: #3366ff;\" href=\"mailto:mesadeentrada@emop.com.ar\" target=\"_blank\" rel=\"noreferrer noopener\">mesadeentrada@emop.com.ar<\/a><\/strong><\/span>.<\/span><\/p>\n<p><span style=\"color: #000000;\">Una vez cumplido el plazo estipulado para la presentaci\u00f3n de esta informaci\u00f3n, t<strong>odo rem\u00eds que circule en la v\u00eda p\u00fablica con o sin pasajeros y no cumpla la normativa podr\u00e1 ser retenido hasta 30 d\u00edas h\u00e1biles y se le aplicar\u00e1 una multa de hasta 5 mil unidades fijas<\/strong>.<\/span><\/p>\n<p><span style=\"color: #000000;\">El objetivo de esta medida es <strong><em>controlar la proliferaci\u00f3n de prestaciones clandestinas y desalentar su uso por parte de los usuarios, teniendo en cuenta los riesgos que conlleva para la seguridad de las personas<\/em><\/strong>.<\/span><\/p>\n<h5><span style=\"color: #000000;\">\u2022F.B.<\/span><\/h5>\n","protected":false},"excerpt":{"rendered":"<p>Los permisionarios de este servicio deber\u00e1n contar con un predio propio o de terceros para la guarda o espera de los &#8230;<\/p>\n","protected":false},"author":8,"featured_media":93093,"comment_status":"open","ping_status":"open","sticky":false,"template":"","format":"standard","meta":{"footnotes":""},"categories":[5,66],"tags":[],"class_list":["post-93092","post","type-post","status-publish","format-standard","has-post-thumbnail","hentry","category-actualidad","category-transporte"],"_links":{"self":[{"href":"https:\/\/vinasfm.com\/noticias\/wp-json\/wp\/v2\/posts\/93092","targetHints":{"allow":["GET"]}}],"collection":[{"href":"https:\/\/vinasfm.com\/noticias\/wp-json\/wp\/v2\/posts"}],"about":[{"href":"https:\/\/vinasfm.com\/noticias\/wp-json\/wp\/v2\/types\/post"}],"author":[{"embeddable":true,"href":"https:\/\/vinasfm.com\/noticias\/wp-json\/wp\/v2\/users\/8"}],"replies":[{"embeddable":true,"href":"https:\/\/vinasfm.com\/noticias\/wp-json\/wp\/v2\/comments?post=93092"}],"version-history":[{"count":3,"href":"https:\/\/vinasfm.com\/noticias\/wp-json\/wp\/v2\/posts\/93092\/revisions"}],"predecessor-version":[{"id":93095,"href":"https:\/\/vinasfm.com\/noticias\/wp-json\/wp\/v2\/posts\/93092\/revisions\/93095"}],"wp:featuredmedia":[{"embeddable":true,"href":"https:\/\/vinasfm.com\/noticias\/wp-json\/wp\/v2\/media\/93093"}],"wp:attachment":[{"href":"https:\/\/vinasfm.com\/noticias\/wp-json\/wp\/v2\/media?parent=93092"}],"wp:term":[{"taxonomy":"category","embeddable":true,"href":"https:\/\/vinasfm.com\/noticias\/wp-json\/wp\/v2\/categories?post=93092"},{"taxonomy":"post_tag","embeddable":true,"href":"https:\/\/vinasfm.com\/noticias\/wp-json\/wp\/v2\/tags?post=93092"}],"curies":[{"name":"wp","href":"https:\/\/api.w.org\/{rel}","templated":true}]}}