{"id":93088,"date":"2021-07-08T09:00:10","date_gmt":"2021-07-08T12:00:10","guid":{"rendered":"http:\/\/vinasfm.com\/noticias\/?p=93088"},"modified":"2021-07-08T12:50:51","modified_gmt":"2021-07-08T15:50:51","slug":"desde-defensa-civil-recuerdan-que-esta-prohibido-el-uso-del-fuego-para-limpieza-de-terrenos","status":"publish","type":"post","link":"https:\/\/vinasfm.com\/noticias\/desde-defensa-civil-recuerdan-que-esta-prohibido-el-uso-del-fuego-para-limpieza-de-terrenos\/","title":{"rendered":"DESDE DEFENSA CIVIL RECUERDAN QUE EST\u00c1 PROHIBIDO EL USO DEL FUEGO PARA LIMPIEZA DE TERRENOS"},"content":{"rendered":"<h4><span style=\"color: #000000;\"><strong>El Director de Defensa Civil advirti\u00f3 sobre las consecuencias del uso de fuegos para &#8216;limpieza&#8217; en campos despu\u00e9s de una jornada en la que el cuerpo de Bomberos de la Polic\u00eda tuvo que sofocar dos incendios en Ciudad y los Bomberos voluntarios de Bowen apagaron otro en el distrito del Este.<\/strong><\/span><\/h4>\n<p><span style=\"color: #000000;\">De la misma manera que lo advirti\u00f3 en otras oportunidades, <strong>Adolfo Balverde<\/strong> declar\u00f3 en di\u00e1logo con <strong>F.M. VI\u00d1AS<\/strong>: <em><strong>\u00abQueremos recordar a la ciudadan\u00eda que est\u00e1n prohibidas estas pr\u00e1cticas y que tomemos conciencia porque hay personas trabajando, que corren riesgo al ir hasta el lugar. Adem\u00e1s, es una actividad que est\u00e1 penada por la ley\u00bb.<\/strong><\/em> Asimismo, inst\u00f3 a los vecinos a colaborar con la denuncia en los casos en los que se produzcan estas pr\u00e1cticas.<\/span><\/p>\n<p><span style=\"color: #000000;\">Con respecto al motivo de esta reiterada advertencia, detall\u00f3 los tres incendios en los que tuvieron que trabajar durante el martes pr\u00f3ximo pasado. <em><strong>\u00abLos bomberos de Alvear tuvieron dos intervenciones en la Ruta 143 Norte. Una fue a la altura de Petrobras, y otra cerca del Canal Marginal, con afectaciones de 6 hect\u00e1reas y media hect\u00e1rea en las cercan\u00edas de la estaci\u00f3n de servicio\u00bb.<\/strong><\/em>\u00a0<\/span><\/p>\n<p><span style=\"color: #000000;\">Sobre el incidente en el distrito del Este, agreg\u00f3: <em><strong>\u00abEstuvieron trabajando los bomberos voluntarios de Bowen, cerca de la Ruta 188, entre Calle 22 y Callej\u00f3n J. En otros lotes de finca que han sido &#8216;limpiados&#8217; con esta pr\u00e1ctica. Est\u00e1 prohibida pero lamentablemente lo tomamos como algo normal\u00bb.<\/strong><\/em><\/span><\/p>\n<p><span style=\"color: #000000;\">Por \u00faltimo, <strong>cabe destacar que la limpieza de terrenos con fuego est\u00e1 prohibida las leyes 26815 de Manejo de Fuego y 6099 de Prevenci\u00f3n y lucha contra incendios en zonas rurales.\u00a0<\/strong><\/span><\/p>\n<h5><span style=\"color: #000000;\">\u2022<strong>L.A.<\/strong><\/span><\/h5>\n","protected":false},"excerpt":{"rendered":"<p>El Director de Defensa Civil advirti\u00f3 sobre las consecuencias del uso de fuegos para &#8216;limpieza&#8217; en campos despu\u00e9s de una jornada &#8230;<\/p>\n","protected":false},"author":7,"featured_media":93126,"comment_status":"open","ping_status":"open","sticky":false,"template":"","format":"standard","meta":{"footnotes":""},"categories":[5,51],"tags":[],"class_list":["post-93088","post","type-post","status-publish","format-standard","has-post-thumbnail","hentry","category-actualidad","category-defensa-civil"],"_links":{"self":[{"href":"https:\/\/vinasfm.com\/noticias\/wp-json\/wp\/v2\/posts\/93088","targetHints":{"allow":["GET"]}}],"collection":[{"href":"https:\/\/vinasfm.com\/noticias\/wp-json\/wp\/v2\/posts"}],"about":[{"href":"https:\/\/vinasfm.com\/noticias\/wp-json\/wp\/v2\/types\/post"}],"author":[{"embeddable":true,"href":"https:\/\/vinasfm.com\/noticias\/wp-json\/wp\/v2\/users\/7"}],"replies":[{"embeddable":true,"href":"https:\/\/vinasfm.com\/noticias\/wp-json\/wp\/v2\/comments?post=93088"}],"version-history":[{"count":4,"href":"https:\/\/vinasfm.com\/noticias\/wp-json\/wp\/v2\/posts\/93088\/revisions"}],"predecessor-version":[{"id":93131,"href":"https:\/\/vinasfm.com\/noticias\/wp-json\/wp\/v2\/posts\/93088\/revisions\/93131"}],"wp:featuredmedia":[{"embeddable":true,"href":"https:\/\/vinasfm.com\/noticias\/wp-json\/wp\/v2\/media\/93126"}],"wp:attachment":[{"href":"https:\/\/vinasfm.com\/noticias\/wp-json\/wp\/v2\/media?parent=93088"}],"wp:term":[{"taxonomy":"category","embeddable":true,"href":"https:\/\/vinasfm.com\/noticias\/wp-json\/wp\/v2\/categories?post=93088"},{"taxonomy":"post_tag","embeddable":true,"href":"https:\/\/vinasfm.com\/noticias\/wp-json\/wp\/v2\/tags?post=93088"}],"curies":[{"name":"wp","href":"https:\/\/api.w.org\/{rel}","templated":true}]}}