{"id":93084,"date":"2021-07-07T23:59:14","date_gmt":"2021-07-08T02:59:14","guid":{"rendered":"http:\/\/vinasfm.com\/noticias\/?p=93084"},"modified":"2021-07-08T12:52:53","modified_gmt":"2021-07-08T15:52:53","slug":"marcela-juri-pidio-responsabilidad-ante-las-nuevas-flexibilizaciones-que-rigen-en-mendoza","status":"publish","type":"post","link":"https:\/\/vinasfm.com\/noticias\/marcela-juri-pidio-responsabilidad-ante-las-nuevas-flexibilizaciones-que-rigen-en-mendoza\/","title":{"rendered":"MARCELA JURI PIDI\u00d3 RESPONSABILIDAD ANTE LAS NUEVAS FLEXIBILIZACIONES QUE RIGEN EN MENDOZA"},"content":{"rendered":"<h4><span style=\"color: #000000;\"><strong>Debido a las nuevas medidas que rigen en Mendoza, la Directora de Inspecci\u00f3n General recomend\u00f3 continuar con los cuidados correspondientes para evitar que empeore la situaci\u00f3n epidemiol\u00f3gica en el departamento.<\/strong><\/span><\/h4>\n<p><span style=\"color: #000000;\"><strong>En di\u00e1logo con F.M. VI\u00d1AS, Marcela Juri<\/strong><span style=\"color: #000000;\"> record\u00f3 las nuevas liberaciones con respecto a las medidas para la prevenci\u00f3n del contagio del Covid-19, y aclar\u00f3: <\/span><em><b>\u00abEsto es seguir en libertad para poder seguir viviendo. Dentro de la normalidad posible, siendo responsable cada uno de nuestras acciones. Ya llevamos casi un a\u00f1o y <\/b><span style=\"color: #000000;\"><b>medio<\/b><\/span><b> de pandemia y sabemos c\u00f3mo hacer las cosas\u00bb.<\/b><\/em><\/span><\/p>\n<p><span style=\"color: #000000;\">Por otra parte, opin\u00f3 sobre el cumplimiento de las restricciones vigentes en las \u00faltimas semanas. <em><strong>\u00abHa sido muy positivo para nosotros, que hacemos controles de horarios de cierres y se ha cumplido muy bien. Eso es una buena noticia, porque pueden trabajar y no tenemos conflicto\u00bb<\/strong><\/em>, cerr\u00f3.<\/span><\/p>\n<p><span style=\"color: #000000;\">Estas son las nueva actividades autorizadas:<\/span><\/p>\n<ul>\n<li><span style=\"color: #000000;\"><strong>Extender el horario de circulaci\u00f3n hasta las 00:30H (actualmente rige desde las 23:30h hasta las 5:30h del d\u00eda siguiente).<\/strong><\/span><\/li>\n<li><span style=\"color: #000000;\"><strong>Suspender\u00a0la atenci\u00f3n por Documento Nacional de Identidad (DNI).<\/strong><\/span><\/li>\n<li><span style=\"color: #000000;\"><strong>Habilitar las reuniones sociales de hasta 10 personas.<\/strong><\/span><\/li>\n<\/ul>\n<p><span style=\"color: #000000;\"><strong>Estas nuevas medidas ya entraron en vigencia con el Decreto N\u00b0862, que establece lo siguiente:<\/strong><\/span><\/p>\n<ul>\n<li><span style=\"color: #000000;\">Art\u00edculo 1\u00ba &#8211; Disp\u00f3ngase en el marco del estado de \u201calerta sanitaria\u201d declarado por Decreto Acuerdo N\u00ba847\/2020, la restricci\u00f3n de la circulaci\u00f3n de personas en el \u00e1mbito territorial de la Provincia de Mendoza, entre las 00.30 y las 05.30 horas de cada d\u00eda.<\/span><\/li>\n<li><span style=\"color: #000000;\">Art\u00edculo 2\u00ba &#8211; Susp\u00e9ndase desde la vigencia del presente decreto, la restricci\u00f3n impuesta por el art\u00edculo 3\u00ba del Decreto Acuerdo N\u00ba 605 de fecha 13 de Mayo de 2021, en cuanto a la terminaci\u00f3n del n\u00famero de Documento Nacional de Identidad para las compras en comercios y reservas en restaurantes.<\/span><\/li>\n<li><span style=\"color: #000000;\">Art\u00edculo 3\u00ba &#8211; Habil\u00edtese en todo el \u00e1mbito territorial de la provincia la realizaci\u00f3n de reuniones sociales, hasta un m\u00e1ximo de diez (10) personas, debiendo asegurar el estricto cumplimiento de los protocolos sanitarios vigentes.<\/span><\/li>\n<li><span style=\"color: #000000;\">Art\u00edculo 4\u00ba &#8211; Der\u00f3gase toda norma que se oponga a la presente.<\/span><\/li>\n<li><span style=\"color: #000000;\">Art\u00edculo 5\u00ba &#8211; El presente decreto tendr\u00e1 vigencia desde la fecha de su publicaci\u00f3n.<\/span><\/li>\n<li><span style=\"color: #000000;\">Art\u00edculo 6\u00ba &#8211; Comun\u00edquese, publ\u00edquese, dese al Registro Oficial y arch\u00edvese.<\/span><\/li>\n<\/ul>\n<h5><span style=\"color: #000000;\">\u2022L.A.<\/span><\/h5>\n","protected":false},"excerpt":{"rendered":"<p>Debido a las nuevas medidas que rigen en Mendoza, la Directora de Inspecci\u00f3n General recomend\u00f3 continuar con los cuidados correspondientes para &#8230;<\/p>\n","protected":false},"author":7,"featured_media":85575,"comment_status":"open","ping_status":"open","sticky":false,"template":"","format":"standard","meta":{"footnotes":""},"categories":[5,10],"tags":[],"class_list":["post-93084","post","type-post","status-publish","format-standard","has-post-thumbnail","hentry","category-actualidad","category-destacadas"],"_links":{"self":[{"href":"https:\/\/vinasfm.com\/noticias\/wp-json\/wp\/v2\/posts\/93084","targetHints":{"allow":["GET"]}}],"collection":[{"href":"https:\/\/vinasfm.com\/noticias\/wp-json\/wp\/v2\/posts"}],"about":[{"href":"https:\/\/vinasfm.com\/noticias\/wp-json\/wp\/v2\/types\/post"}],"author":[{"embeddable":true,"href":"https:\/\/vinasfm.com\/noticias\/wp-json\/wp\/v2\/users\/7"}],"replies":[{"embeddable":true,"href":"https:\/\/vinasfm.com\/noticias\/wp-json\/wp\/v2\/comments?post=93084"}],"version-history":[{"count":4,"href":"https:\/\/vinasfm.com\/noticias\/wp-json\/wp\/v2\/posts\/93084\/revisions"}],"predecessor-version":[{"id":93091,"href":"https:\/\/vinasfm.com\/noticias\/wp-json\/wp\/v2\/posts\/93084\/revisions\/93091"}],"wp:featuredmedia":[{"embeddable":true,"href":"https:\/\/vinasfm.com\/noticias\/wp-json\/wp\/v2\/media\/85575"}],"wp:attachment":[{"href":"https:\/\/vinasfm.com\/noticias\/wp-json\/wp\/v2\/media?parent=93084"}],"wp:term":[{"taxonomy":"category","embeddable":true,"href":"https:\/\/vinasfm.com\/noticias\/wp-json\/wp\/v2\/categories?post=93084"},{"taxonomy":"post_tag","embeddable":true,"href":"https:\/\/vinasfm.com\/noticias\/wp-json\/wp\/v2\/tags?post=93084"}],"curies":[{"name":"wp","href":"https:\/\/api.w.org\/{rel}","templated":true}]}}