{"id":93059,"date":"2021-07-07T20:21:38","date_gmt":"2021-07-07T23:21:38","guid":{"rendered":"http:\/\/vinasfm.com\/noticias\/?p=93059"},"modified":"2021-07-08T12:53:00","modified_gmt":"2021-07-08T15:53:00","slug":"la-diputada-maricel-arriaga-celebro-la-reduccion-del-85-en-la-infraccion-por-circular-sin-luces-bajas","status":"publish","type":"post","link":"https:\/\/vinasfm.com\/noticias\/la-diputada-maricel-arriaga-celebro-la-reduccion-del-85-en-la-infraccion-por-circular-sin-luces-bajas\/","title":{"rendered":"LA DIPUTADA MARICEL ARRIAGA CELEBR\u00d3 LA REDUCCI\u00d3N DEL 85% EN LA INFRACCI\u00d3N POR CIRCULAR SIN LUCES BAJAS"},"content":{"rendered":"<h4><span style=\"color: #000000;\"><strong>Circular en Mendoza en un veh\u00edculo sin luces bajas ser\u00e1 multado desde ahora como falta leve. La medida surge tras la aprobaci\u00f3n de un proyecto para modificar la Ley de Seguridad Vial 9024 que impuso reducir la infracci\u00f3n que era considerada falta grave.<\/strong><\/span><\/h4>\n<p><span style=\"color: #000000;\">En di\u00e1logo con <strong>F.M. VI\u00d1AS<\/strong>, la <strong>Diputada Maricel Arriaga<\/strong> (FCM) destac\u00f3 la importancia de la sanci\u00f3n definitiva por parte de la Legislatura mendocina a la iniciativa que surgi\u00f3 luego de reclamos de usuarios de la v\u00eda p\u00fablica: &#8216;<strong><em>El monto de la multa que antes era de $15.400 ser\u00e1 de $2.200 (100 UF), sin descuento. Es una baja del 85% en la multa. Las nuevas modificaciones fueron sancionadas pas\u00f3 al Ejecutivo para su promulgaci\u00f3n<\/em><\/strong>&#8216;.<\/span><\/p>\n<p>La legisladora alvearense subray\u00f3 que e<span style=\"color: #000000;\">n<strong> la misma propuesta se incorpora el nuevo sistema lum\u00ednico que traen algunos veh\u00edculos de f\u00e1brica, como son las luces de circulaci\u00f3n diurnas, conocidas tambi\u00e9n por la sigla en ingl\u00e9s DRL<\/strong> (<em>daytime running light<\/em>).<\/span><\/p>\n<p><span style=\"color: #000000;\">El texto aprobado sustituye el inciso a del art\u00edculo 51 de la\u00a0<span style=\"color: #0000ff;\"><a style=\"color: #0000ff;\" href=\"https:\/\/www.mendoza.gov.ar\/gobierno\/wp-content\/uploads\/sites\/19\/2018\/10\/Ley-9024.pdf\" target=\"_blank\" rel=\"noreferrer noopener\">Ley Provincial 9024<\/a><\/span>, estableciendo que el uso de luces bajas es obligatorio \u201c<strong><em>de forma permanente, excepto cuando corresponda luz alta y en los cruces ferroviarios;\u00a0\u00a0o luces de conducci\u00f3n diurna (DRL), excepto cuando por\u00a0 situaci\u00f3n de luz natural disminuida corresponda luces bajas<\/em><\/strong>\u201d.<\/span><\/p>\n<p><span style=\"color: #000000;\">De igual forma, se modifica el <strong>inciso 3 del art\u00edculo 52<\/strong>, disponiendo la <strong>prohibici\u00f3n de circulaci\u00f3n por la v\u00eda p\u00fablica sin las luces bajas o luces de conducci\u00f3n diurna<\/strong> (DRL) encendidas desde el comienzo de la circulaci\u00f3n\u201d: &#8216;<strong><em>Es importante resaltar que esta Ley no exime a los conductores de circular sin luces bajas, simplemente responde a un reclamo social en la recategorizaci\u00f3n del tipo de multa<\/em><\/strong>&#8216;, aclar\u00f3 Arriaga.\u00a0<\/span><\/p>\n<p><span style=\"color: #000000;\">Se remplaza el art\u00edculo 78 de la ley, el que quedar\u00e1 redactado de la siguiente manera:<\/span><\/p>\n<p><span style=\"color: #000000;\"><strong>Art. 78- FALTAS GRAV\u00cdSIMAS, GRAVES Y LEVES<\/strong><\/span><\/p>\n<ul>\n<li><span style=\"color: #000000;\">Se considerar\u00e1n faltas grav\u00edsimas: Incurrir en la comisi\u00f3n de conductas prohibidas por el Art. 52\u00ba incisos 1,2,4, 5, 6, 7, 8 primer p\u00e1rrafo, 9, 10, 15, 17, 18, 23, 30, 32, 33, 34, 35, 36, 37, 38, 39, 42 y 48 de la presente ley.<\/span><\/li>\n<li><span style=\"color: #000000;\">Se considerar\u00e1n faltas graves: Incurrir en la comisi\u00f3n de conductas prohibidas por el Art. 52\u00ba incisos\u00a0 11, 12, 13, 14, 16, 20, 21, 24, 25, 26, 27, 28, 31, 40, 41, 43, 44, 45, 46,47,50 y 51 de la presente ley.<\/span><\/li>\n<li><span style=\"color: #000000;\">Se considerar\u00e1n faltas leves: Incurrir en la comisi\u00f3n de conductas prohibidas por el Art. 52\u00ba incisos: 3, 8 segundo p\u00e1rrafo, 19, 22, 29 y 49 de la presente ley.\u201d<\/span><\/li>\n<\/ul>\n<p>&nbsp;<\/p>\n<p><a href=\"http:\/\/vinasfm.com\/noticias\/wp-content\/uploads\/2021\/07\/valores_multas_2021_2-1-700x481-1.jpg\"><img loading=\"lazy\" decoding=\"async\" class=\" wp-image-93061 aligncenter\" src=\"http:\/\/vinasfm.com\/noticias\/wp-content\/uploads\/2021\/07\/valores_multas_2021_2-1-700x481-1-300x206.jpg\" alt=\"\" width=\"647\" height=\"444\" srcset=\"https:\/\/vinasfm.com\/noticias\/wp-content\/uploads\/2021\/07\/valores_multas_2021_2-1-700x481-1-300x206.jpg 300w, https:\/\/vinasfm.com\/noticias\/wp-content\/uploads\/2021\/07\/valores_multas_2021_2-1-700x481-1.jpg 700w\" sizes=\"auto, (max-width: 647px) 100vw, 647px\" \/><\/a><\/p>\n<h5><span style=\"color: #000000;\">\u2022Fernando Burett (F.M. Vi\u00f1as).<\/span><\/h5>\n","protected":false},"excerpt":{"rendered":"<p>Circular en Mendoza en un veh\u00edculo sin luces bajas ser\u00e1 multado desde ahora como falta leve. La medida surge tras la &#8230;<\/p>\n","protected":false},"author":8,"featured_media":91449,"comment_status":"open","ping_status":"open","sticky":false,"template":"","format":"standard","meta":{"footnotes":""},"categories":[5,43,56],"tags":[],"class_list":["post-93059","post","type-post","status-publish","format-standard","has-post-thumbnail","hentry","category-actualidad","category-legislatura","category-seguridad-vial"],"_links":{"self":[{"href":"https:\/\/vinasfm.com\/noticias\/wp-json\/wp\/v2\/posts\/93059","targetHints":{"allow":["GET"]}}],"collection":[{"href":"https:\/\/vinasfm.com\/noticias\/wp-json\/wp\/v2\/posts"}],"about":[{"href":"https:\/\/vinasfm.com\/noticias\/wp-json\/wp\/v2\/types\/post"}],"author":[{"embeddable":true,"href":"https:\/\/vinasfm.com\/noticias\/wp-json\/wp\/v2\/users\/8"}],"replies":[{"embeddable":true,"href":"https:\/\/vinasfm.com\/noticias\/wp-json\/wp\/v2\/comments?post=93059"}],"version-history":[{"count":3,"href":"https:\/\/vinasfm.com\/noticias\/wp-json\/wp\/v2\/posts\/93059\/revisions"}],"predecessor-version":[{"id":93086,"href":"https:\/\/vinasfm.com\/noticias\/wp-json\/wp\/v2\/posts\/93059\/revisions\/93086"}],"wp:featuredmedia":[{"embeddable":true,"href":"https:\/\/vinasfm.com\/noticias\/wp-json\/wp\/v2\/media\/91449"}],"wp:attachment":[{"href":"https:\/\/vinasfm.com\/noticias\/wp-json\/wp\/v2\/media?parent=93059"}],"wp:term":[{"taxonomy":"category","embeddable":true,"href":"https:\/\/vinasfm.com\/noticias\/wp-json\/wp\/v2\/categories?post=93059"},{"taxonomy":"post_tag","embeddable":true,"href":"https:\/\/vinasfm.com\/noticias\/wp-json\/wp\/v2\/tags?post=93059"}],"curies":[{"name":"wp","href":"https:\/\/api.w.org\/{rel}","templated":true}]}}