{"id":92895,"date":"2021-07-05T09:08:46","date_gmt":"2021-07-05T12:08:46","guid":{"rendered":"http:\/\/vinasfm.com\/noticias\/?p=92895"},"modified":"2021-07-05T10:58:57","modified_gmt":"2021-07-05T13:58:57","slug":"esta-habilitada-la-inscripcion-para-la-vacunacion-de-mayores-de-18-anos","status":"publish","type":"post","link":"https:\/\/vinasfm.com\/noticias\/esta-habilitada-la-inscripcion-para-la-vacunacion-de-mayores-de-18-anos\/","title":{"rendered":"EST\u00c1 HABILITADA LA INSCRIPCI\u00d3N PARA LA VACUNACI\u00d3N DE MAYORES DE 18 A\u00d1OS"},"content":{"rendered":"<h4><strong><span style=\"color: #000000;\">Es para personas de esta franja de edad sin comorbilidades. El Ministerio de Salud reitera la necesidad de respetar el turno para evitar problemas en el operativo de vacunaci\u00f3n.<\/span><\/strong><\/h4>\n<p><span style=\"color: #000000;\">El Ministerio de Salud, Desarrollo Social y Deportes ampli\u00f3 la edad para que las personas puedan vacunarse contra la COVID-19. <strong>Est\u00e1 abierta la inscripci\u00f3n para quienes tengan desde 18 a\u00f1os, sin comorbilidades<\/strong>. Desde la cartera sanitaria insisten en la necesidad de <strong>respetar el turno otorgado para evitar problemas en el operativo de vacunaci\u00f3n<\/strong>.<\/span><\/p>\n<p><span style=\"color: #000000;\">El nuevo grupo habilitado para vacunarse debe inscribirse en la p\u00e1gina<\/span>\u00a0<a href=\"http:\/\/www.mendoza.gov.ar\/vacunacion-covid-19\" target=\"_blank\" rel=\"noreferrer noopener\">www.mendoza.gov.ar\/vacunacion-covid-19<\/a>. <span style=\"color: #000000;\">Una vez finalizado el tr\u00e1mite, deben guardar el comprobante con el n\u00famero de ticket que se emite y esperar el correo electr\u00f3nico y\/o sms correspondiente, donde se indicar\u00e1 d\u00eda, hora y lugar.<\/span><\/p>\n<p><span style=\"color: #000000;\">Desde el Ministerio se recuerda que \u00fanicamente se puede postergar el turno en casos de exclusiva urgencia. \u201c<strong><em>Solo en caso de emergencias puede asistir otro d\u00eda. \u00danicamente se recibir\u00e1n excepciones<\/em><\/strong>\u201d, aseguraron. De esta manera, si se respeta el turno otorgado, se evitan aglomeraciones e inconvenientes en los centros de vacunaci\u00f3n y se puede continuar de manera ordenada con el operativo.<\/span><\/p>\n<h5>\u2022F.B.<\/h5>\n","protected":false},"excerpt":{"rendered":"<p>Es para personas de esta franja de edad sin comorbilidades. El Ministerio de Salud reitera la necesidad de respetar el turno &#8230;<\/p>\n","protected":false},"author":8,"featured_media":91095,"comment_status":"open","ping_status":"open","sticky":false,"template":"","format":"standard","meta":{"footnotes":""},"categories":[5,15],"tags":[],"class_list":["post-92895","post","type-post","status-publish","format-standard","has-post-thumbnail","hentry","category-actualidad","category-salud"],"_links":{"self":[{"href":"https:\/\/vinasfm.com\/noticias\/wp-json\/wp\/v2\/posts\/92895","targetHints":{"allow":["GET"]}}],"collection":[{"href":"https:\/\/vinasfm.com\/noticias\/wp-json\/wp\/v2\/posts"}],"about":[{"href":"https:\/\/vinasfm.com\/noticias\/wp-json\/wp\/v2\/types\/post"}],"author":[{"embeddable":true,"href":"https:\/\/vinasfm.com\/noticias\/wp-json\/wp\/v2\/users\/8"}],"replies":[{"embeddable":true,"href":"https:\/\/vinasfm.com\/noticias\/wp-json\/wp\/v2\/comments?post=92895"}],"version-history":[{"count":1,"href":"https:\/\/vinasfm.com\/noticias\/wp-json\/wp\/v2\/posts\/92895\/revisions"}],"predecessor-version":[{"id":92896,"href":"https:\/\/vinasfm.com\/noticias\/wp-json\/wp\/v2\/posts\/92895\/revisions\/92896"}],"wp:featuredmedia":[{"embeddable":true,"href":"https:\/\/vinasfm.com\/noticias\/wp-json\/wp\/v2\/media\/91095"}],"wp:attachment":[{"href":"https:\/\/vinasfm.com\/noticias\/wp-json\/wp\/v2\/media?parent=92895"}],"wp:term":[{"taxonomy":"category","embeddable":true,"href":"https:\/\/vinasfm.com\/noticias\/wp-json\/wp\/v2\/categories?post=92895"},{"taxonomy":"post_tag","embeddable":true,"href":"https:\/\/vinasfm.com\/noticias\/wp-json\/wp\/v2\/tags?post=92895"}],"curies":[{"name":"wp","href":"https:\/\/api.w.org\/{rel}","templated":true}]}}