{"id":92870,"date":"2021-07-05T10:40:06","date_gmt":"2021-07-05T13:40:06","guid":{"rendered":"http:\/\/vinasfm.com\/noticias\/?p=92870"},"modified":"2021-07-05T18:41:10","modified_gmt":"2021-07-05T21:41:10","slug":"moreno-y-pierola-escenario-del-choque-entre-una-moto-y-una-camioneta","status":"publish","type":"post","link":"https:\/\/vinasfm.com\/noticias\/moreno-y-pierola-escenario-del-choque-entre-una-moto-y-una-camioneta\/","title":{"rendered":"MORENO Y PI\u00c9ROLA, ESCENARIO DEL CHOQUE ENTRE UNA MOTO Y UNA CAMIONETA"},"content":{"rendered":"<h4><span style=\"color: #000000;\"><strong>Una moto y una camioneta protagonizaron un accidente de tr\u00e1nsito en la intersecci\u00f3n de calles Moreno y Pi\u00e9rola de Ciudad en horas de la ma\u00f1ana del s\u00e1bado pr\u00f3ximo pasado.<\/strong><\/span><\/h4>\n<p><span style=\"color: #000000;\">El reporte oficial suministrado a <strong>F.M. VI\u00d1AS<\/strong> se\u00f1ala que cerca de las <strong>9:00h<\/strong> un llamado al 911 alert\u00f3 sobre el impacto entre una <strong>moto marca Motomel 110cc<\/strong>, al mando de un joven de 20 a\u00f1os, y una <strong>Toyota Hilux<\/strong> en la que transitaba un hombre de apellido <em>Pesce<\/em> (42).<\/span><\/p>\n<p><span style=\"color: #000000;\">Seg\u00fan la reconstrucci\u00f3n del siniestro<strong>, el rodado menor se desplazaba en direcci\u00f3n al este<\/strong> por calle Pi\u00e9rola y <strong>al llegar al cruce con calle Moreno colisiona con la camioneta que se dirig\u00eda hacia el sur<\/strong>.<\/span><\/p>\n<p><span style=\"color: #000000;\">Afortunadamente, <strong>los conductores intervinientes no sufrieron lesiones<\/strong>; solo se registraron da\u00f1os materiales. Trabaj\u00f3 personal policial en el hecho que qued\u00f3 asentado en la Seccional 14\u00b0.<\/span><\/p>\n<h5><span style=\"color: #000000;\">\u2022F.B. (F.M. Vi\u00f1as).<\/span><\/h5>\n","protected":false},"excerpt":{"rendered":"<p>Una moto y una camioneta protagonizaron un accidente de tr\u00e1nsito en la intersecci\u00f3n de calles Moreno y Pi\u00e9rola de Ciudad en &#8230;<\/p>\n","protected":false},"author":8,"featured_media":77405,"comment_status":"open","ping_status":"open","sticky":false,"template":"","format":"standard","meta":{"footnotes":""},"categories":[5,4],"tags":[],"class_list":["post-92870","post","type-post","status-publish","format-standard","has-post-thumbnail","hentry","category-actualidad","category-policiales"],"_links":{"self":[{"href":"https:\/\/vinasfm.com\/noticias\/wp-json\/wp\/v2\/posts\/92870","targetHints":{"allow":["GET"]}}],"collection":[{"href":"https:\/\/vinasfm.com\/noticias\/wp-json\/wp\/v2\/posts"}],"about":[{"href":"https:\/\/vinasfm.com\/noticias\/wp-json\/wp\/v2\/types\/post"}],"author":[{"embeddable":true,"href":"https:\/\/vinasfm.com\/noticias\/wp-json\/wp\/v2\/users\/8"}],"replies":[{"embeddable":true,"href":"https:\/\/vinasfm.com\/noticias\/wp-json\/wp\/v2\/comments?post=92870"}],"version-history":[{"count":4,"href":"https:\/\/vinasfm.com\/noticias\/wp-json\/wp\/v2\/posts\/92870\/revisions"}],"predecessor-version":[{"id":92925,"href":"https:\/\/vinasfm.com\/noticias\/wp-json\/wp\/v2\/posts\/92870\/revisions\/92925"}],"wp:featuredmedia":[{"embeddable":true,"href":"https:\/\/vinasfm.com\/noticias\/wp-json\/wp\/v2\/media\/77405"}],"wp:attachment":[{"href":"https:\/\/vinasfm.com\/noticias\/wp-json\/wp\/v2\/media?parent=92870"}],"wp:term":[{"taxonomy":"category","embeddable":true,"href":"https:\/\/vinasfm.com\/noticias\/wp-json\/wp\/v2\/categories?post=92870"},{"taxonomy":"post_tag","embeddable":true,"href":"https:\/\/vinasfm.com\/noticias\/wp-json\/wp\/v2\/tags?post=92870"}],"curies":[{"name":"wp","href":"https:\/\/api.w.org\/{rel}","templated":true}]}}