{"id":92867,"date":"2021-07-05T23:59:40","date_gmt":"2021-07-06T02:59:40","guid":{"rendered":"http:\/\/vinasfm.com\/noticias\/?p=92867"},"modified":"2021-07-06T08:41:43","modified_gmt":"2021-07-06T11:41:43","slug":"trasladaron-al-hospital-schestakow-a-una-mujer-embestida-por-una-camioneta-en-el-km-0","status":"publish","type":"post","link":"https:\/\/vinasfm.com\/noticias\/trasladaron-al-hospital-schestakow-a-una-mujer-embestida-por-una-camioneta-en-el-km-0\/","title":{"rendered":"TRASLADARON AL HOSPITAL SCHESTAKOW A UNA MUJER EMBESTIDA POR UNA CAMIONETA EN EL KM 0"},"content":{"rendered":"<h4><span style=\"color: #000000;\"><strong>Este domingo se produjeron dos accidentes de tr\u00e1nsito en nuestra Ciudad. El segundo, ocurrido en el Km 0, tuvo como consecuencia que una persona fuera derivada al Hospital Teodoro J. Schestakow por las lesiones que le provoc\u00f3 el impacto de una camioneta.<\/strong><\/span><\/h4>\n<p><span style=\"color: #000000;\">En di\u00e1logo con <strong>F.M. VI\u00d1AS<\/strong>, la <strong>Oficial Laura Davidovich<\/strong> reconstruy\u00f3 la mec\u00e1nica del accidente que se produjo cerca de las <strong>17:40h<\/strong> en la intersecci\u00f3n de <strong>Avenida Libertador Norte y Avenida Alvear Este.<\/strong><\/span><\/p>\n<p><span style=\"color: #000000;\">Una <strong>mujer (52)<\/strong> <strong>cruzaba la Av. Libertador Norte por la senda peatonal<\/strong> cuando la<strong> conductora<\/strong> <strong>(63)<\/strong> <strong>de una camioneta Ford F-100<\/strong> que doblaba hacia el norte desde Av. Alvear Este <strong>no alcanz\u00f3 a frenar y termin\u00f3\u00a0impactando\u00a0a la peat\u00f3n<\/strong>.<\/span><\/p>\n<p><span style=\"color: #000000;\">A ra\u00edz el fuerte golpe,<strong> la v\u00edctima cay\u00f3 pesadamente al suelo\u00a0ocasion\u00e1ndole\u00a0m\u00faltiples\u00a0lesiones<\/strong> por lo que una ambulancia la traslad\u00f3 al hospital local para su asistencia. Una vez en el nosocomio, <strong>los m\u00e9dicos la derivaron al hospital sanrafaelino.<\/strong><\/span><\/p>\n<p><span style=\"color: #000000;\">Se labraron actuaciones en &#8216;<strong><em>Averiguaci\u00f3n Lesiones Culposas<\/em><\/strong>&#8216; bajo instrucci\u00f3n de la <strong>Unidad Fiscal de Gral. Alvear<\/strong>.<\/span><\/p>\n<p><span style=\"color: #000000;\">Horas antes, aproximadamente a las<strong> 14:30h<\/strong>, un <strong>motociclista<\/strong> que<strong> circulaba por calle 4 de norte a sur<\/strong> <strong>perdi\u00f3 el dominio<\/strong> del rodado frente a la <strong>Escuela Leiva y termin\u00f3 cayendo sobre la carpeta asf\u00e1ltica<\/strong>.<\/span><\/p>\n<p><span style=\"color: #000000;\">Por este incidente vial, se labraron actuaciones en &#8216;<em><strong>Averiguaci\u00f3n Lesiones en Accidente<\/strong><\/em>&#8216; en Comisar\u00eda 14\u00b0.<\/span><\/p>\n<h5><span style=\"color: #000000;\">\u2022F.B. (F.M. Vi\u00f1as).<\/span><\/h5>\n","protected":false},"excerpt":{"rendered":"<p>Este domingo se produjeron dos accidentes de tr\u00e1nsito en nuestra Ciudad. El segundo, ocurrido en el Km 0, tuvo como consecuencia &#8230;<\/p>\n","protected":false},"author":8,"featured_media":92868,"comment_status":"open","ping_status":"open","sticky":false,"template":"","format":"standard","meta":{"footnotes":""},"categories":[5,4],"tags":[],"class_list":["post-92867","post","type-post","status-publish","format-standard","has-post-thumbnail","hentry","category-actualidad","category-policiales"],"_links":{"self":[{"href":"https:\/\/vinasfm.com\/noticias\/wp-json\/wp\/v2\/posts\/92867","targetHints":{"allow":["GET"]}}],"collection":[{"href":"https:\/\/vinasfm.com\/noticias\/wp-json\/wp\/v2\/posts"}],"about":[{"href":"https:\/\/vinasfm.com\/noticias\/wp-json\/wp\/v2\/types\/post"}],"author":[{"embeddable":true,"href":"https:\/\/vinasfm.com\/noticias\/wp-json\/wp\/v2\/users\/8"}],"replies":[{"embeddable":true,"href":"https:\/\/vinasfm.com\/noticias\/wp-json\/wp\/v2\/comments?post=92867"}],"version-history":[{"count":4,"href":"https:\/\/vinasfm.com\/noticias\/wp-json\/wp\/v2\/posts\/92867\/revisions"}],"predecessor-version":[{"id":92893,"href":"https:\/\/vinasfm.com\/noticias\/wp-json\/wp\/v2\/posts\/92867\/revisions\/92893"}],"wp:featuredmedia":[{"embeddable":true,"href":"https:\/\/vinasfm.com\/noticias\/wp-json\/wp\/v2\/media\/92868"}],"wp:attachment":[{"href":"https:\/\/vinasfm.com\/noticias\/wp-json\/wp\/v2\/media?parent=92867"}],"wp:term":[{"taxonomy":"category","embeddable":true,"href":"https:\/\/vinasfm.com\/noticias\/wp-json\/wp\/v2\/categories?post=92867"},{"taxonomy":"post_tag","embeddable":true,"href":"https:\/\/vinasfm.com\/noticias\/wp-json\/wp\/v2\/tags?post=92867"}],"curies":[{"name":"wp","href":"https:\/\/api.w.org\/{rel}","templated":true}]}}