{"id":92864,"date":"2021-07-05T10:40:57","date_gmt":"2021-07-05T13:40:57","guid":{"rendered":"http:\/\/vinasfm.com\/noticias\/?p=92864"},"modified":"2021-07-05T18:40:50","modified_gmt":"2021-07-05T21:40:50","slug":"tres-vehiculos-protagonizaron-un-choque-en-cadena-sobre-av-alvear-oeste","status":"publish","type":"post","link":"https:\/\/vinasfm.com\/noticias\/tres-vehiculos-protagonizaron-un-choque-en-cadena-sobre-av-alvear-oeste\/","title":{"rendered":"TRES VEH\u00cdCULOS PROTAGONIZARON UN CHOQUE EN CADENA SOBRE AV. ALVEAR OESTE"},"content":{"rendered":"<h4><span style=\"color: #000000;\"><strong>Ocurrido cerca de las 15:20h de este s\u00e1bado, el siniestro fue protagonizado por dos autom\u00f3viles y una camioneta frente al Cine Teatro &#8216;Antonio Lafalla&#8217; cuando el primer rodado fren\u00f3 para darle paso a un peat\u00f3n.<\/strong><\/span><\/h4>\n<p><span style=\"color: #000000;\">Un <strong>VW Gol<\/strong>, al mando de un hombre de <em>46 a\u00f1os<\/em> acompa\u00f1ado de <em>un menor<\/em>, una <strong>camioneta Toyota Hilux<\/strong>, conducida por un hombre de <em>47 a\u00f1os<\/em>, y un <strong>Citroen C3<\/strong>, en el que transitaba una persona de <em>37 a\u00f1os<\/em>, <strong>participaron de un accidente de tr\u00e1nsito a la altura 450 de la principal avenida c\u00e9ntrica<\/strong>.<\/span><\/p>\n<p><span style=\"color: #000000;\">Seg\u00fan el reporte oficial suministrado a <strong>F.M VI\u00d1AS<\/strong> por<strong> Policia Vial<\/strong>, <strong>los tres rodados circulaban en fila hacia el oeste<\/strong> pero <strong>al llegar a la senda peatonal<\/strong> dispuesta frente al Cine Teatro<strong> el Citroen fren\u00f3 repentinamente para dar paso a un transe\u00fante<\/strong> provocando que<strong> los conductores de la camioneta y el Gol no lograran aminorar la marcha impact\u00e1ndose entre s\u00ed<\/strong>.<\/span><\/p>\n<p><span style=\"color: #000000;\">Producto del choque, <\/span><strong style=\"color: #000000;\">el menor sufri\u00f3 lesiones leves<\/strong><span style=\"color: #000000;\">, motivo por el que fue trasladado y asistido en el <\/span><strong><span style=\"color: #000000;\">Hospital &#8216;Enfermeros\u00a0Argentinos&#8217;<\/span><\/strong><span style=\"color: #000000;\">.\u00a0<\/span><\/p>\n<p><span style=\"color: #000000;\">En el escenario del hecho trabaj\u00f3 personal de Comisar\u00eda 14\u00b0 realizando las medidas de rigor bajo instrucci\u00f3n de la Unidad Fiscal de Gral. Alvear donde se labraron actuaciones en &#8216;<strong><em>Averiguaci\u00f3n Lesiones Culposas<\/em><\/strong>&#8216;.<\/span><\/p>\n<h5><span style=\"color: #000000;\">\u2022F.B. (F.M. Vi\u00f1as).<\/span><\/h5>\n","protected":false},"excerpt":{"rendered":"<p>Ocurrido cerca de las 15:20h de este s\u00e1bado, el siniestro fue protagonizado por dos autom\u00f3viles y una camioneta frente al Cine &#8230;<\/p>\n","protected":false},"author":8,"featured_media":92865,"comment_status":"open","ping_status":"open","sticky":false,"template":"","format":"standard","meta":{"footnotes":""},"categories":[5,4],"tags":[],"class_list":["post-92864","post","type-post","status-publish","format-standard","has-post-thumbnail","hentry","category-actualidad","category-policiales"],"_links":{"self":[{"href":"https:\/\/vinasfm.com\/noticias\/wp-json\/wp\/v2\/posts\/92864","targetHints":{"allow":["GET"]}}],"collection":[{"href":"https:\/\/vinasfm.com\/noticias\/wp-json\/wp\/v2\/posts"}],"about":[{"href":"https:\/\/vinasfm.com\/noticias\/wp-json\/wp\/v2\/types\/post"}],"author":[{"embeddable":true,"href":"https:\/\/vinasfm.com\/noticias\/wp-json\/wp\/v2\/users\/8"}],"replies":[{"embeddable":true,"href":"https:\/\/vinasfm.com\/noticias\/wp-json\/wp\/v2\/comments?post=92864"}],"version-history":[{"count":3,"href":"https:\/\/vinasfm.com\/noticias\/wp-json\/wp\/v2\/posts\/92864\/revisions"}],"predecessor-version":[{"id":92881,"href":"https:\/\/vinasfm.com\/noticias\/wp-json\/wp\/v2\/posts\/92864\/revisions\/92881"}],"wp:featuredmedia":[{"embeddable":true,"href":"https:\/\/vinasfm.com\/noticias\/wp-json\/wp\/v2\/media\/92865"}],"wp:attachment":[{"href":"https:\/\/vinasfm.com\/noticias\/wp-json\/wp\/v2\/media?parent=92864"}],"wp:term":[{"taxonomy":"category","embeddable":true,"href":"https:\/\/vinasfm.com\/noticias\/wp-json\/wp\/v2\/categories?post=92864"},{"taxonomy":"post_tag","embeddable":true,"href":"https:\/\/vinasfm.com\/noticias\/wp-json\/wp\/v2\/tags?post=92864"}],"curies":[{"name":"wp","href":"https:\/\/api.w.org\/{rel}","templated":true}]}}