{"id":92859,"date":"2021-07-05T23:59:14","date_gmt":"2021-07-06T02:59:14","guid":{"rendered":"http:\/\/vinasfm.com\/noticias\/?p=92859"},"modified":"2021-07-06T12:38:36","modified_gmt":"2021-07-06T15:38:36","slug":"real-del-padre-identificaron-al-autor-de-un-robo-cuando-intentaba-vender-lo-sustraido-por-facebook","status":"publish","type":"post","link":"https:\/\/vinasfm.com\/noticias\/real-del-padre-identificaron-al-autor-de-un-robo-cuando-intentaba-vender-lo-sustraido-por-facebook\/","title":{"rendered":"REAL DEL PADRE: IDENTIFICARON AL AUTOR DE UN ROBO CUANDO INTENTABA VENDER LO SUSTRA\u00cdDO POR FACEBOOK"},"content":{"rendered":"<h4><span style=\"color: #000000;\"><strong>La Polic\u00eda recuper\u00f3 elementos que hab\u00edan sido robados durante la madrugada de este s\u00e1bado en una vivienda de Real del Padre. El autor del delito fue identificado cuando intentaba vender lo sustra\u00eddo a trav\u00e9s de Facebook.<\/strong><\/span><\/h4>\n<p><span style=\"color: #000000;\">Seg\u00fan informaron <strong>autoridades policiales<\/strong> a<strong> F.M. VI\u00d1AS<\/strong>, el malviviente ingres\u00f3 a la propiedad, <strong>ubicada en calle Corrientes<\/strong>, y se apoder\u00f3 de<strong> una garrafa de 10 kg<\/strong>, <strong>un cable de 20 metros de largo<\/strong>,<strong> un arn\u00e9s<\/strong> y<strong> una motoguada\u00f1a marca Gama<\/strong>. Al amanecer, la due\u00f1a del lugar constat\u00f3 el faltante de los elementos por lo que <strong>radic\u00f3 la denuncia en la sede policial de Real del Padre<\/strong>.<\/span><\/p>\n<p><span style=\"color: #000000;\">Bajo instrucci\u00f3n de la <strong>Unidad Fiscal de Comisar\u00eda 26\u00b0<\/strong>, los pesquisas comenzaron la investigaci\u00f3n, a la que sum\u00f3 el aporte de varios vecinos, <strong>logrando individualizar al delincuente cuando, incrimin\u00e1ndose, ofrec\u00eda el bot\u00edn en un grupo de compra-venta en Facebook<\/strong>.<\/span><\/p>\n<p><span style=\"color: #000000;\"><a style=\"color: #000000;\" href=\"http:\/\/vinasfm.com\/noticias\/wp-content\/uploads\/2021\/07\/111.jpg\"><img loading=\"lazy\" decoding=\"async\" class=\" wp-image-92861 aligncenter\" src=\"http:\/\/vinasfm.com\/noticias\/wp-content\/uploads\/2021\/07\/111-300x90.jpg\" alt=\"\" width=\"467\" height=\"140\" srcset=\"https:\/\/vinasfm.com\/noticias\/wp-content\/uploads\/2021\/07\/111-300x90.jpg 300w, https:\/\/vinasfm.com\/noticias\/wp-content\/uploads\/2021\/07\/111.jpg 540w\" sizes=\"auto, (max-width: 467px) 100vw, 467px\" \/><\/a><\/span><\/p>\n<p><span style=\"color: #000000;\">Obedeciendo las diligencias judiciales, personal policial realiz\u00f3 durante la tarde del mismo d\u00eda un <strong>allanamiento en una vivienda ubicada sobre Ruta 171 casi Malvinas Argentinas<\/strong>, <strong>a solo dos cuadras del escenario del hecho<\/strong>. <\/span><\/p>\n<p><span style=\"color: #000000;\">En el lugar <strong>encontraron y secuestraron los objetos denunciados por lo que aprehendieron al principal sospechoso<\/strong> que ten\u00eda la causa. Actualmente, est\u00e1 detenido en la Seccional policial de Villa Atuel a disposici\u00f3n de la Justicia.<\/span><\/p>\n<div id=\"attachment_92862\" style=\"width: 353px\" class=\"wp-caption aligncenter\"><a style=\"color: #000000;\" href=\"http:\/\/vinasfm.com\/noticias\/wp-content\/uploads\/2021\/07\/09.jpg\"><img loading=\"lazy\" decoding=\"async\" aria-describedby=\"caption-attachment-92862\" class=\"wp-image-92862\" src=\"http:\/\/vinasfm.com\/noticias\/wp-content\/uploads\/2021\/07\/09-300x225.jpg\" alt=\"\" width=\"353\" height=\"266\" srcset=\"https:\/\/vinasfm.com\/noticias\/wp-content\/uploads\/2021\/07\/09-300x225.jpg 300w, https:\/\/vinasfm.com\/noticias\/wp-content\/uploads\/2021\/07\/09.jpg 720w\" sizes=\"auto, (max-width: 353px) 100vw, 353px\" \/><\/a><p id=\"caption-attachment-92862\" class=\"wp-caption-text\"><span style=\"color: #000000;\">Allanamiento en la vivienda del autor del delito.<\/span><\/p><\/div>\n<h5><span style=\"color: #000000;\">\u2022F.B. (F.M. Vi\u00f1as).<\/span><\/h5>\n","protected":false},"excerpt":{"rendered":"<p>La Polic\u00eda recuper\u00f3 elementos que hab\u00edan sido robados durante la madrugada de este s\u00e1bado en una vivienda de Real del Padre. &#8230;<\/p>\n","protected":false},"author":8,"featured_media":92860,"comment_status":"open","ping_status":"open","sticky":false,"template":"","format":"standard","meta":{"footnotes":""},"categories":[5,4],"tags":[],"class_list":["post-92859","post","type-post","status-publish","format-standard","has-post-thumbnail","hentry","category-actualidad","category-policiales"],"_links":{"self":[{"href":"https:\/\/vinasfm.com\/noticias\/wp-json\/wp\/v2\/posts\/92859","targetHints":{"allow":["GET"]}}],"collection":[{"href":"https:\/\/vinasfm.com\/noticias\/wp-json\/wp\/v2\/posts"}],"about":[{"href":"https:\/\/vinasfm.com\/noticias\/wp-json\/wp\/v2\/types\/post"}],"author":[{"embeddable":true,"href":"https:\/\/vinasfm.com\/noticias\/wp-json\/wp\/v2\/users\/8"}],"replies":[{"embeddable":true,"href":"https:\/\/vinasfm.com\/noticias\/wp-json\/wp\/v2\/comments?post=92859"}],"version-history":[{"count":3,"href":"https:\/\/vinasfm.com\/noticias\/wp-json\/wp\/v2\/posts\/92859\/revisions"}],"predecessor-version":[{"id":92889,"href":"https:\/\/vinasfm.com\/noticias\/wp-json\/wp\/v2\/posts\/92859\/revisions\/92889"}],"wp:featuredmedia":[{"embeddable":true,"href":"https:\/\/vinasfm.com\/noticias\/wp-json\/wp\/v2\/media\/92860"}],"wp:attachment":[{"href":"https:\/\/vinasfm.com\/noticias\/wp-json\/wp\/v2\/media?parent=92859"}],"wp:term":[{"taxonomy":"category","embeddable":true,"href":"https:\/\/vinasfm.com\/noticias\/wp-json\/wp\/v2\/categories?post=92859"},{"taxonomy":"post_tag","embeddable":true,"href":"https:\/\/vinasfm.com\/noticias\/wp-json\/wp\/v2\/tags?post=92859"}],"curies":[{"name":"wp","href":"https:\/\/api.w.org\/{rel}","templated":true}]}}