{"id":92705,"date":"2021-06-30T09:13:19","date_gmt":"2021-06-30T12:13:19","guid":{"rendered":"http:\/\/vinasfm.com\/noticias\/?p=92705"},"modified":"2021-06-30T11:59:30","modified_gmt":"2021-06-30T14:59:30","slug":"en-mendoza-no-se-podran-labrar-multas-por-licencias-de-conducir-vencidas","status":"publish","type":"post","link":"https:\/\/vinasfm.com\/noticias\/en-mendoza-no-se-podran-labrar-multas-por-licencias-de-conducir-vencidas\/","title":{"rendered":"EN MENDOZA NO SE PODR\u00c1N LABRAR MULTAS POR LICENCIAS DE CONDUCIR VENCIDAS"},"content":{"rendered":"<h4 class=\"note__epigraph\"><span style=\"color: #000000;\"><strong>El gobierno provincial prorrog\u00f3 la medida hasta el 31 de diciembre. Rige para los carnets cuyo vencimiento haya operado desde el 1 de marzo del a\u00f1o pasado.<\/strong><\/span><\/h4>\n<p><span style=\"color: #000000;\">A punto de caducar el decreto que <strong>proh\u00edbe labrar actas de infracci\u00f3n por licencias de conducir vencidas<\/strong> a partir del 1 de marzo del a\u00f1o pasado, el gobierno provincial emiti\u00f3 una nueva norma que\u00a0<strong>prorroga esa medida hasta el pr\u00f3ximo 31 de diciembre.<\/strong><\/span><\/p>\n<p><span style=\"color: #000000;\">\u00ab<em>Prorr\u00f3guese hasta el 31 de diciembre de 2021, el plazo establecido en el art. 6\u00ba del Decreto N\u00ba 1650 de fecha 15 de diciembre de 2020 por el cual se dispuso que no se labraran actas de infracci\u00f3n respecto de las <strong>licencias de conducir cuyo vencimiento haya operado desde el 1 de marzo de 2020<\/strong><\/em>\u00ab, asegura el art\u00edculo 1\u00b0 del <strong>decreto 822<\/strong>, <strong>publicado este mi\u00e9rcoles en el Bolet\u00edn Oficial<\/strong>.<\/span><\/p>\n<p><span style=\"color: #000000;\">En los considerandos de la norma se estable que \u00ab<em>a punto de verificarse la fecha de vencimiento de la suspensi\u00f3n citada y en un contexto en el que persisten medidas fruto de la pandenmia, tanto nacionales como provinciales, se ha comprobado que a los Municipios de la Provincia les ha resultado, en general, <strong>sumamente dificultoso poder emitir todas las licencias<\/strong> cuyo vencimiento oper\u00f3 entre las fechas previstas, raz\u00f3n por la cual resulta razonable prorrogar el plazo de la misma por el resto del corriente a\u00f1o<\/em>\u00ab.<\/span><\/p>\n<p><span style=\"color: #000000;\">El decreto est\u00e1 fechado este martes 29 de junio y <strong>lleva las firmas del gobernador Rodolfo Suarez<\/strong> y <strong>los ministros V\u00edctor Ib\u00e1\u00f1ez<\/strong> (Gobierno) y <strong>Ra\u00fal Levrino<\/strong> (Seguridad).<\/span><\/p>\n","protected":false},"excerpt":{"rendered":"<p>El gobierno provincial prorrog\u00f3 la medida hasta el 31 de diciembre. Rige para los carnets cuyo vencimiento haya operado desde el &#8230;<\/p>\n","protected":false},"author":8,"featured_media":33816,"comment_status":"open","ping_status":"open","sticky":false,"template":"","format":"standard","meta":{"footnotes":""},"categories":[5,56],"tags":[],"class_list":["post-92705","post","type-post","status-publish","format-standard","has-post-thumbnail","hentry","category-actualidad","category-seguridad-vial"],"_links":{"self":[{"href":"https:\/\/vinasfm.com\/noticias\/wp-json\/wp\/v2\/posts\/92705","targetHints":{"allow":["GET"]}}],"collection":[{"href":"https:\/\/vinasfm.com\/noticias\/wp-json\/wp\/v2\/posts"}],"about":[{"href":"https:\/\/vinasfm.com\/noticias\/wp-json\/wp\/v2\/types\/post"}],"author":[{"embeddable":true,"href":"https:\/\/vinasfm.com\/noticias\/wp-json\/wp\/v2\/users\/8"}],"replies":[{"embeddable":true,"href":"https:\/\/vinasfm.com\/noticias\/wp-json\/wp\/v2\/comments?post=92705"}],"version-history":[{"count":2,"href":"https:\/\/vinasfm.com\/noticias\/wp-json\/wp\/v2\/posts\/92705\/revisions"}],"predecessor-version":[{"id":92714,"href":"https:\/\/vinasfm.com\/noticias\/wp-json\/wp\/v2\/posts\/92705\/revisions\/92714"}],"wp:featuredmedia":[{"embeddable":true,"href":"https:\/\/vinasfm.com\/noticias\/wp-json\/wp\/v2\/media\/33816"}],"wp:attachment":[{"href":"https:\/\/vinasfm.com\/noticias\/wp-json\/wp\/v2\/media?parent=92705"}],"wp:term":[{"taxonomy":"category","embeddable":true,"href":"https:\/\/vinasfm.com\/noticias\/wp-json\/wp\/v2\/categories?post=92705"},{"taxonomy":"post_tag","embeddable":true,"href":"https:\/\/vinasfm.com\/noticias\/wp-json\/wp\/v2\/tags?post=92705"}],"curies":[{"name":"wp","href":"https:\/\/api.w.org\/{rel}","templated":true}]}}