{"id":92677,"date":"2021-06-30T10:00:07","date_gmt":"2021-06-30T13:00:07","guid":{"rendered":"http:\/\/vinasfm.com\/noticias\/?p=92677"},"modified":"2021-06-30T11:59:04","modified_gmt":"2021-06-30T14:59:04","slug":"encontraron-a-un-hombre-de-87-anos-sin-vida-en-el-interior-de-su-vivienda","status":"publish","type":"post","link":"https:\/\/vinasfm.com\/noticias\/encontraron-a-un-hombre-de-87-anos-sin-vida-en-el-interior-de-su-vivienda\/","title":{"rendered":"ENCONTRARON  A UN HOMBRE DE 87 A\u00d1OS SIN VIDA EN EL INTERIOR DE SU VIVIENDA"},"content":{"rendered":"<h4><span style=\"color: #000000;\"><strong>Este martes por la ma\u00f1ana encontraron un hombre sin signos vitales en una casa ubicada en la intersecci\u00f3n de las calles Chapeaurrouge y Orsilli. El cuerpo fue trasladado a la morgue para que se realice la necropsia.<\/strong><\/span><\/h4>\n<p><span style=\"color: #000000;\">Esta ma\u00f1ana un hombre fue encontrado fallecido en Ciudad y <strong>el Subcomisario Jos\u00e9 L\u00f3pez brind\u00f3 detalles del hecho en di\u00e1logo con F.M. VI\u00d1AS:<\/strong> <em><strong>\u00abPasadas las 9:30h de este martes ingres\u00f3 un llamado al 911 indicando que en una vivienda ubicada en calle Chapearrouge y Orsilli se encontraba un hombre de 87 a\u00f1os sin vida\u00bb.<\/strong><\/em><\/span><\/p>\n<p><span style=\"color: #000000;\">Fue hallado por un vecino que sol\u00eda asistirlo, la \u00faltima vez que lo vio fue durante la noche de ayer cuando le llevo comida y asegur\u00f3 que lo vio en buen estado.\u00a0<em><strong>\u00abNo hay m\u00e1s detalles, porque no se hac\u00eda asistir y no ten\u00eda un m\u00e9dico de cabecer. El cuerpo ser\u00e1 trasladado a la morgue para ser que se le realice la necropsia correspondiente para determinar las causas del fallecimiento\u00bb<\/strong><\/em>, concluy\u00f3 L\u00f3pez.<\/span><\/p>\n<h5><span style=\"color: #000000;\">\u2022L.A.<\/span><\/h5>\n","protected":false},"excerpt":{"rendered":"<p>Este martes por la ma\u00f1ana encontraron un hombre sin signos vitales en una casa ubicada en la intersecci\u00f3n de las calles &#8230;<\/p>\n","protected":false},"author":7,"featured_media":63435,"comment_status":"open","ping_status":"open","sticky":false,"template":"","format":"standard","meta":{"footnotes":""},"categories":[5,4],"tags":[],"class_list":["post-92677","post","type-post","status-publish","format-standard","has-post-thumbnail","hentry","category-actualidad","category-policiales"],"_links":{"self":[{"href":"https:\/\/vinasfm.com\/noticias\/wp-json\/wp\/v2\/posts\/92677","targetHints":{"allow":["GET"]}}],"collection":[{"href":"https:\/\/vinasfm.com\/noticias\/wp-json\/wp\/v2\/posts"}],"about":[{"href":"https:\/\/vinasfm.com\/noticias\/wp-json\/wp\/v2\/types\/post"}],"author":[{"embeddable":true,"href":"https:\/\/vinasfm.com\/noticias\/wp-json\/wp\/v2\/users\/7"}],"replies":[{"embeddable":true,"href":"https:\/\/vinasfm.com\/noticias\/wp-json\/wp\/v2\/comments?post=92677"}],"version-history":[{"count":4,"href":"https:\/\/vinasfm.com\/noticias\/wp-json\/wp\/v2\/posts\/92677\/revisions"}],"predecessor-version":[{"id":92682,"href":"https:\/\/vinasfm.com\/noticias\/wp-json\/wp\/v2\/posts\/92677\/revisions\/92682"}],"wp:featuredmedia":[{"embeddable":true,"href":"https:\/\/vinasfm.com\/noticias\/wp-json\/wp\/v2\/media\/63435"}],"wp:attachment":[{"href":"https:\/\/vinasfm.com\/noticias\/wp-json\/wp\/v2\/media?parent=92677"}],"wp:term":[{"taxonomy":"category","embeddable":true,"href":"https:\/\/vinasfm.com\/noticias\/wp-json\/wp\/v2\/categories?post=92677"},{"taxonomy":"post_tag","embeddable":true,"href":"https:\/\/vinasfm.com\/noticias\/wp-json\/wp\/v2\/tags?post=92677"}],"curies":[{"name":"wp","href":"https:\/\/api.w.org\/{rel}","templated":true}]}}