{"id":92676,"date":"2021-06-30T12:20:30","date_gmt":"2021-06-30T15:20:30","guid":{"rendered":"http:\/\/vinasfm.com\/noticias\/?p=92676"},"modified":"2021-06-30T20:21:04","modified_gmt":"2021-06-30T23:21:04","slug":"el-bloque-pj-pide-a-irrigacion-rever-los-cortes-de-agua-a-productores-locales","status":"publish","type":"post","link":"https:\/\/vinasfm.com\/noticias\/el-bloque-pj-pide-a-irrigacion-rever-los-cortes-de-agua-a-productores-locales\/","title":{"rendered":"EL BLOQUE PJ PIDE A IRRIGACI\u00d3N REVER LOS CORTES DE AGUA A PRODUCTORES LOCALES"},"content":{"rendered":"<h4><span style=\"color: #000000;\">Los productores y trabajadores del agro por una u otra raz\u00f3n terminan siendo perjudicados, tanto por las inclemencias del tiempo, por el precio al que compran sus productos, por la crisis econ\u00f3mica o por el agua. En estos momentos desde Irrigaci\u00f3n se les han cerrado las entradas de agua a quienes por diferentes motivos no han podido pagar el agua y desde el bloque PJ se est\u00e1 trabajando para poder darle respuesta a los mismos.<\/span><\/h4>\n<p><span style=\"color: #000000;\">En di\u00e1logo con <strong>F.M. Vi\u00f1as<\/strong>, la <strong>Concejal Hebe Katzer<\/strong> expres\u00f3:\u00a0<em><strong>&#8216;Los productores sufriendo las inclemencias del agua y tambi\u00e9n a ra\u00edz de lo que venimos viviendo con la pandemia muchos de ellos no han podido pagar el agua, por lo cual le dan 7 d\u00edas para regular la morosidad con el ente de Irrigaci\u00f3n, no han podido pagar y a ra\u00edz de eso les han cortado el agua, les han tapado su entrada de agua con ladrillo y cemento&#8217;<\/strong><\/em>. <\/span><\/p>\n<p><span style=\"color: #000000;\">Desde su lugar lugar est\u00e1n buscando respuesta apara ayudar a los productores,<strong><em> &#8216;tuvimos una reuni\u00f3n con el subdelegado de Irrigaci\u00f3n y nos comentaba que dan flexibilidad y nos dice como que el sur, que Alvear esta subsidiado por el resto de la provincia porque ac\u00e1 no pagamos, sabemos que el peque\u00f1o productor es afectado y por lo cual le solicitamos que pudieran rever esta medida y damas plazo a los regantes&#8217;,<\/em><\/strong> se\u00f1al\u00f3.<\/span><\/p>\n<p><span style=\"color: #000000;\">Desde Irrigaci\u00f3n se mide a todos con una misma vara pero no todos pasan por las mismas situaciones y circunstancia, muchos no han podido acceder a los cr\u00e9ditos que se otorga,<em><strong> &#8216;le pedimos que si pod\u00edan atender situaciones en particular, no todos tienen la misma problem\u00e1tica alguno pueden abonar de diferentes maneras porque en realidad el peque\u00f1o productor todo quiere pagar&#8217;,<\/strong><\/em> manifest\u00f3 la edil.<\/span><\/p>\n<p><span style=\"color: #000000;\"><em><strong>&#8216;Hay gente que ha vivido toda la vida del agro, y no ve otra manera de trabajar, cuando vos recorres las fincas de los alrededores, de los distritos de Carmensa sobre todo que es gente de muy mayor la vez trabajando en sus surcos, trabajando su tierra&#8217;<\/strong><\/em>, destac\u00f3 sobre la vida de quienes viven y trabajan del agro.<\/span><\/p>\n<p><span style=\"color: #000000;\">Uno de los temas del momento, temas que hoy est\u00e1 en visto de toda la provincia de Mendoza sobre la construcci\u00f3n de Portezuelo sin trasvase, <em><strong>&#8216;nosotros siempre hemos estado al tanto por este tema sabemos que sin trasvase no hay portezuelo todos pensamos as\u00ed por lo menos en mi bloque, sin trasvase no tenemos agua en el sur creer\u00eda que este tema lo vamos a tocar, justamente hoy estamos en comisi\u00f3n con los hist\u00f3ricos y no hemos hablado de este tema aun por lo menos lo personal mio a favor del trasvase, sin trasvase no hay agua para el sur&#8217;<\/strong><\/em>, subray\u00f3 al final sobre este tema la Concejal Hebe Katzer.<\/span><\/p>\n<h5><span style=\"color: #000000;\">\u2022Carla Fuentes.<\/span><\/h5>\n","protected":false},"excerpt":{"rendered":"<p>Los productores y trabajadores del agro por una u otra raz\u00f3n terminan siendo perjudicados, tanto por las inclemencias del tiempo, por &#8230;<\/p>\n","protected":false},"author":7,"featured_media":90518,"comment_status":"open","ping_status":"open","sticky":false,"template":"","format":"standard","meta":{"footnotes":""},"categories":[5,26,37],"tags":[],"class_list":["post-92676","post","type-post","status-publish","format-standard","has-post-thumbnail","hentry","category-actualidad","category-hcd","category-irrigacion"],"_links":{"self":[{"href":"https:\/\/vinasfm.com\/noticias\/wp-json\/wp\/v2\/posts\/92676","targetHints":{"allow":["GET"]}}],"collection":[{"href":"https:\/\/vinasfm.com\/noticias\/wp-json\/wp\/v2\/posts"}],"about":[{"href":"https:\/\/vinasfm.com\/noticias\/wp-json\/wp\/v2\/types\/post"}],"author":[{"embeddable":true,"href":"https:\/\/vinasfm.com\/noticias\/wp-json\/wp\/v2\/users\/7"}],"replies":[{"embeddable":true,"href":"https:\/\/vinasfm.com\/noticias\/wp-json\/wp\/v2\/comments?post=92676"}],"version-history":[{"count":10,"href":"https:\/\/vinasfm.com\/noticias\/wp-json\/wp\/v2\/posts\/92676\/revisions"}],"predecessor-version":[{"id":92732,"href":"https:\/\/vinasfm.com\/noticias\/wp-json\/wp\/v2\/posts\/92676\/revisions\/92732"}],"wp:featuredmedia":[{"embeddable":true,"href":"https:\/\/vinasfm.com\/noticias\/wp-json\/wp\/v2\/media\/90518"}],"wp:attachment":[{"href":"https:\/\/vinasfm.com\/noticias\/wp-json\/wp\/v2\/media?parent=92676"}],"wp:term":[{"taxonomy":"category","embeddable":true,"href":"https:\/\/vinasfm.com\/noticias\/wp-json\/wp\/v2\/categories?post=92676"},{"taxonomy":"post_tag","embeddable":true,"href":"https:\/\/vinasfm.com\/noticias\/wp-json\/wp\/v2\/tags?post=92676"}],"curies":[{"name":"wp","href":"https:\/\/api.w.org\/{rel}","templated":true}]}}