{"id":92633,"date":"2021-06-29T22:06:13","date_gmt":"2021-06-30T01:06:13","guid":{"rendered":"http:\/\/vinasfm.com\/noticias\/?p=92633"},"modified":"2021-07-01T08:56:12","modified_gmt":"2021-07-01T11:56:12","slug":"la-camara-de-comercio-se-sumo-al-pedido-de-construir-portezuelo-con-el-trasvase-del-rio-grande-al-atuel","status":"publish","type":"post","link":"https:\/\/vinasfm.com\/noticias\/la-camara-de-comercio-se-sumo-al-pedido-de-construir-portezuelo-con-el-trasvase-del-rio-grande-al-atuel\/","title":{"rendered":"LA C\u00c1MARA DE COMERCIO SE SUM\u00d3 AL PEDIDO DE CONSTRUIR PORTEZUELO CON EL TRASVASE DEL R\u00cdO GRANDE AL ATUEL"},"content":{"rendered":"<h4><span style=\"color: #000000;\"><strong>Los ex Presidentes de la C\u00e1mara de Comercio, Industria, Agricultura y ganader\u00eda de General Alvear reunidos en la Entidad, manifestaron su preocupaci\u00f3n por el avance del Proyecto de Construcci\u00f3n de la Presa de Portezuelo del Viento, sin considerar en el mismo el Trasvase del R\u00edo Grande al Atuel.<\/strong><\/span><\/h4>\n<p><span style=\"color: #000000;\">En di\u00e1logo con<strong> F.M. VI\u00d1AS<\/strong>, el actual presidente de la entidad, <strong>Andr\u00e9s Vavrik<\/strong> expres\u00f3: &#8216;<strong><em>Desde algunos sectores se quiso poner en duda sobre el sentimiento alvearense en cuanto al trasvase y comenzamos a trabajar con las espec\u00edficas y con los presidentes pasados expres\u00e1ndonos respecto al compromiso de Alvear en que Portezuelo se construya con el trasvase del R\u00edo Grande al Atuel<\/em><\/strong>&#8216;.<\/span><\/p>\n<p><span style=\"color: #000000;\">Consultado sobre la postura de los distintos sectores frente a la eventual obra de Portezuelo sin el trasvase, Vavrik aclar\u00f3 que &#8216;<strong><em>no es el objetivo\u00a0 oponernos al proyecto del dique pero ninguna autoridad nos ha garantizado que esa obra permita t\u00e9cnica y econ\u00f3micamente el trasvase del Grande al Atuel y por eso las reacciones son las actuales<\/em><\/strong>&#8216;.<\/span><\/p>\n<p><span style=\"color: #000000;\">Frente a la posibilidad de la construcci\u00f3n del dique sin el correspondiente trasvase, el empresario se\u00f1al\u00f3: &#8216;<strong><em>Mendoza es la que puede definir qu\u00e9 hacer con el dinero para Portezuelo porque es de los mendocinos por ende las autoridades deber\u00edan hacer las modificaciones necesarias para que Portezuelo tenga alg\u00fan sentido en lo que respecta al aprovechamiento h\u00eddrico en medio de una crisis que atravesamos desde hace 14 a\u00f1os<\/em><\/strong>&#8216;.<\/span><\/p>\n<p><span style=\"color: #000000;\">Respecto a la postura en contra de la realizaci\u00f3n de Portezuelo por parte de agrupaciones ambientalistas, Vavrik manifest\u00f3: &#8216;<strong><em>Lo nuestro se circunscribe a la cuesti\u00f3n h\u00eddrica y nos sentimos con autoridad para opinar sobre esto y creemos tener las razones necesarias y contamos con el apoyo de entidades y otras c\u00e1maras para pedirle al gobierno que recapacite al respecto<\/em><\/strong>&#8216;.<\/span><\/p>\n<p><span style=\"color: #000000;\">Finalmente pidi\u00f3 a las autoridades gubernamentales que est\u00e1n gestionando la concreci\u00f3n del proyecto &#8216;<strong><em>que escuchen los reclamos porque sabemos, de acuerdo a lo especificado por t\u00e9cnicas en el tema, ser\u00eda inviable construir el trasvase luego de culminada la obra Portezuelo por lo que es prudente que lo incluyan desde ahora<\/em><\/strong>&#8216;.\u00a0<\/span><\/p>\n<p><span style=\"color: #000000;\">Mediante un contundente comunicado que entregar\u00e1n al <strong>gobernador Rodolfo Su\u00e1rez<\/strong> fijando la postura de la C\u00e1mara de Comercio local, aseguran: &#8216;<strong><em>Es grave el riesgo de bloquear definitivamente ese viejo y anhelado Proyecto de utilizar la \u00faltima fuente de agua dulce importante que posee la Provincia de Mendoza y que permitir\u00eda la incorporaci\u00f3n de muchas hect\u00e1reas al sector Productivo primario del Sur provincial. M\u00e1s aun dejando de lado la \u00fanica oportunidad de encontrarle una soluci\u00f3n al \u201cperdido juicio por el Atuel, con la provincia de La Pampa<\/em><\/strong>&#8216; y cierra: &#8216;<strong><em>Confiamos una vez m\u00e1s en Ustedes, teniendo muy presente vuestros juramentos. El futuro Socio Econ\u00f3mico Productivo de la Regi\u00f3n est\u00e1 en sus manos<\/em><\/strong>&#8216;.<\/span><\/p>\n<h5><span style=\"color: #000000;\">\u2022F.B. (F.M. Vi\u00f1as).<\/span><\/h5>\n","protected":false},"excerpt":{"rendered":"<p>Los ex Presidentes de la C\u00e1mara de Comercio, Industria, Agricultura y ganader\u00eda de General Alvear reunidos en la Entidad, manifestaron su &#8230;<\/p>\n","protected":false},"author":8,"featured_media":92634,"comment_status":"open","ping_status":"open","sticky":false,"template":"","format":"standard","meta":{"footnotes":""},"categories":[5,32],"tags":[],"class_list":["post-92633","post","type-post","status-publish","format-standard","has-post-thumbnail","hentry","category-actualidad","category-camara-de-comercio"],"_links":{"self":[{"href":"https:\/\/vinasfm.com\/noticias\/wp-json\/wp\/v2\/posts\/92633","targetHints":{"allow":["GET"]}}],"collection":[{"href":"https:\/\/vinasfm.com\/noticias\/wp-json\/wp\/v2\/posts"}],"about":[{"href":"https:\/\/vinasfm.com\/noticias\/wp-json\/wp\/v2\/types\/post"}],"author":[{"embeddable":true,"href":"https:\/\/vinasfm.com\/noticias\/wp-json\/wp\/v2\/users\/8"}],"replies":[{"embeddable":true,"href":"https:\/\/vinasfm.com\/noticias\/wp-json\/wp\/v2\/comments?post=92633"}],"version-history":[{"count":1,"href":"https:\/\/vinasfm.com\/noticias\/wp-json\/wp\/v2\/posts\/92633\/revisions"}],"predecessor-version":[{"id":92635,"href":"https:\/\/vinasfm.com\/noticias\/wp-json\/wp\/v2\/posts\/92633\/revisions\/92635"}],"wp:featuredmedia":[{"embeddable":true,"href":"https:\/\/vinasfm.com\/noticias\/wp-json\/wp\/v2\/media\/92634"}],"wp:attachment":[{"href":"https:\/\/vinasfm.com\/noticias\/wp-json\/wp\/v2\/media?parent=92633"}],"wp:term":[{"taxonomy":"category","embeddable":true,"href":"https:\/\/vinasfm.com\/noticias\/wp-json\/wp\/v2\/categories?post=92633"},{"taxonomy":"post_tag","embeddable":true,"href":"https:\/\/vinasfm.com\/noticias\/wp-json\/wp\/v2\/tags?post=92633"}],"curies":[{"name":"wp","href":"https:\/\/api.w.org\/{rel}","templated":true}]}}