{"id":92614,"date":"2021-06-29T23:35:23","date_gmt":"2021-06-30T02:35:23","guid":{"rendered":"http:\/\/vinasfm.com\/noticias\/?p=92614"},"modified":"2021-06-30T10:18:03","modified_gmt":"2021-06-30T13:18:03","slug":"cochico-intenso-operativo-de-vacunacion-y-prevencion-de-cancer-de-cuello-de-utero","status":"publish","type":"post","link":"https:\/\/vinasfm.com\/noticias\/cochico-intenso-operativo-de-vacunacion-y-prevencion-de-cancer-de-cuello-de-utero\/","title":{"rendered":"COCHIC\u00d3: INTENSO OPERATIVO DE VACUNACI\u00d3N Y PREVENCI\u00d3N DE C\u00c1NCER DE CUELLO DE \u00daTERO"},"content":{"rendered":"<h4><span style=\"color: #000000;\"><strong>En la ma\u00f1ana de este lunes se realiz\u00f3 un importante operativo de salud en el paraje de Cochico, ubicado a m\u00e1s de cien kil\u00f3metros del casco c\u00e9ntrico de General Alvear. El objetivo es llegar con los derechos b\u00e1sicos a cada rinc\u00f3n del departamento.<\/strong><\/span><\/h4>\n<p><span style=\"color: #000000;\">El <strong>operativo de vacunaci\u00f3n Covid lleg\u00f3 al paraje de Cochico<\/strong>, luego de que el personal del Municipio recorri\u00f3 el lugar para inscribir a aquellas personas que estaban en condiciones de ser inoculadas: \u201c<strong><em>Buscamos que todas las personas puedan acceder a la vacuna, no solo inscribir, sino continuar con el trabajo que realizamos en terreno y con la vacunaci\u00f3n como resultado final<\/em><\/strong>\u201d, explic\u00f3 <strong>Anal\u00eda Garc\u00eda<\/strong>, del <strong>\u00c1rea de Municipio Saludable<\/strong>, quien agreg\u00f3 que en la jornada de este lunes <strong>se inocularon diez personas del paraje<\/strong>.<\/span><\/p>\n<p><span style=\"color: #000000;\">En esta ocasi\u00f3n tambi\u00e9n <strong>lleg\u00f3 al paraje el Programa de Prevenci\u00f3n de C\u00e1ncer de Cuello Uterino.<\/strong> En este sentido la <strong>M\u00e9dica Obstetra Griselda Baldoni<\/strong> resalt\u00f3: \u201c<strong><em>Este es un programa nacional y se realiza en todos los centros de salud del departamento, todos los viernes estamos en el Centro de Salud del barrio San Carlos, y el turno se puede solicitar a trav\u00e9s de Whatsapp. Adem\u00e1s, tambi\u00e9n trabajamos con la salud reproductiva, que es un servicio esencial en la pandemia<\/em><\/strong>\u201d.<\/span><\/p>\n<p><span style=\"color: #000000;\">A trav\u00e9s del <strong>Programa de Prevenci\u00f3n de C\u00e1ncer de Cuello Uterino<\/strong> se busca concientizar para prevenir esta enfermedad, por ello es importante educar sobre salud reproductiva: \u201c<strong><em>Ya hemos hecho Canalejas y Corral de Lorca, ten\u00edamos la deuda pendiente en Cochic\u00f3, pero la idea es visitar al menos dos veces al a\u00f1o estos lugares<\/em><\/strong>\u201d, indic\u00f3 Baldoni.<\/span><\/p>\n<p><span style=\"color: #000000;\">Es importante destacar que el <strong>operativo de vacunaci\u00f3n<\/strong> continuar\u00e1 llegando a todos los puntos del departamento. <strong>Este martes a partir de las 8:30 hs se presentar\u00e1 en el SUM del Barrio Zangrandi<\/strong>, luego, <strong>a las 9:30 hs se presentar\u00e1 en el Sal\u00f3n Comunitario de Barrio Matadero<\/strong>. <strong>El mi\u00e9rcoles el recorrido llegar\u00e1 a Canalejas, Corral de Lorca y La Mora<\/strong>.<\/span><\/p>\n<h5><span style=\"color: #000000;\">\u2022F.B.<\/span><\/h5>\n","protected":false},"excerpt":{"rendered":"<p>En la ma\u00f1ana de este lunes se realiz\u00f3 un importante operativo de salud en el paraje de Cochico, ubicado a m\u00e1s &#8230;<\/p>\n","protected":false},"author":8,"featured_media":92615,"comment_status":"open","ping_status":"open","sticky":false,"template":"","format":"standard","meta":{"footnotes":""},"categories":[5,15],"tags":[],"class_list":["post-92614","post","type-post","status-publish","format-standard","has-post-thumbnail","hentry","category-actualidad","category-salud"],"_links":{"self":[{"href":"https:\/\/vinasfm.com\/noticias\/wp-json\/wp\/v2\/posts\/92614","targetHints":{"allow":["GET"]}}],"collection":[{"href":"https:\/\/vinasfm.com\/noticias\/wp-json\/wp\/v2\/posts"}],"about":[{"href":"https:\/\/vinasfm.com\/noticias\/wp-json\/wp\/v2\/types\/post"}],"author":[{"embeddable":true,"href":"https:\/\/vinasfm.com\/noticias\/wp-json\/wp\/v2\/users\/8"}],"replies":[{"embeddable":true,"href":"https:\/\/vinasfm.com\/noticias\/wp-json\/wp\/v2\/comments?post=92614"}],"version-history":[{"count":2,"href":"https:\/\/vinasfm.com\/noticias\/wp-json\/wp\/v2\/posts\/92614\/revisions"}],"predecessor-version":[{"id":92724,"href":"https:\/\/vinasfm.com\/noticias\/wp-json\/wp\/v2\/posts\/92614\/revisions\/92724"}],"wp:featuredmedia":[{"embeddable":true,"href":"https:\/\/vinasfm.com\/noticias\/wp-json\/wp\/v2\/media\/92615"}],"wp:attachment":[{"href":"https:\/\/vinasfm.com\/noticias\/wp-json\/wp\/v2\/media?parent=92614"}],"wp:term":[{"taxonomy":"category","embeddable":true,"href":"https:\/\/vinasfm.com\/noticias\/wp-json\/wp\/v2\/categories?post=92614"},{"taxonomy":"post_tag","embeddable":true,"href":"https:\/\/vinasfm.com\/noticias\/wp-json\/wp\/v2\/tags?post=92614"}],"curies":[{"name":"wp","href":"https:\/\/api.w.org\/{rel}","templated":true}]}}