{"id":92607,"date":"2021-06-29T15:30:28","date_gmt":"2021-06-29T18:30:28","guid":{"rendered":"http:\/\/vinasfm.com\/noticias\/?p=92607"},"modified":"2021-06-30T11:57:23","modified_gmt":"2021-06-30T14:57:23","slug":"con-el-programa-de-servicios-sociales-se-asiste-a-vecinos-de-distintos-puntos-del-departamento","status":"publish","type":"post","link":"https:\/\/vinasfm.com\/noticias\/con-el-programa-de-servicios-sociales-se-asiste-a-vecinos-de-distintos-puntos-del-departamento\/","title":{"rendered":"CON EL PROGRAMA DE SERVICIOS SOCIALES SE ASISTE A VECINOS DE DISTINTOS PUNTOS DEL DEPARTAMENTO"},"content":{"rendered":"<h4><span style=\"color: #000000;\"><strong>La Secretaria de Desarrollo Humano Norma Ruiz detall\u00f3 c\u00f3mo se est\u00e1 llevando adelante el Programa de Descentralizaci\u00f3n de Servicios Sociales e inform\u00f3 sobre los diferentes usos que se le est\u00e1 dando al nuevo SUM de Barrio Parque.<\/strong><\/span><\/h4>\n<p><span style=\"color: #000000;\">En principio, el <strong>Programa de Descentralizaci\u00f3n de Servicios Sociales<\/strong>, dependiente de la <strong>Secretar\u00eda de Desarrollo Humano<\/strong>, cuenta con atenci\u00f3n del equipo t\u00e9cnico, compuesto por <strong>Trabajadoras Sociales<\/strong>, para poder acercar servicios a los vecinos, que tienen que ver con una gran demanda previa radicada en las oficinas de la <strong>Direcci\u00f3n de Contingencias Sociales<\/strong>. <\/span><\/p>\n<p><span style=\"color: #000000;\">Todos los <strong>lunes y martes<\/strong> se encuentran en <strong>Barrio Parque y CIC del Barrio Soemga<\/strong>, <strong>de 8:30 a 11:30h<\/strong>, los <strong>jueves y viernes en Barrio Zangrandi<\/strong>, <strong>oficina municipal del Barrio San Carlos y en el SUM del Barrio Los Ranqueles<\/strong>, con el objetivo de brindar atenci\u00f3n integral en espacios comunitarios.<\/span><\/p>\n<p><span style=\"color: #000000;\">\u201c<strong><em>Al SUM de Barrio Parque se han acercado vecinos con inquietudes. Iremos tratando de aceitar este circuito para acercar a los vecinos posibilidades de ofrecer a los vecinos recursos institucionales que dependen de la Direcci\u00f3n de Contingencias y de la Direcci\u00f3n de Familia<\/em><\/strong>\u201d, explic\u00f3 Ru\u00edz.<\/span><\/p>\n<p><span style=\"color: #000000;\">Respecto a las actividades del nuevo SUM, la funcionaria mencion\u00f3 que <strong>el s\u00e1bado pasado estuvo Mariela Poblete<\/strong> para poder llevar a cabo un servicio de corte de cabello, referido a la pr\u00e1ctica profesional de estudiantes del Instituto Balcarce. \u201c<strong><em>A<\/em><\/strong> <strong><em>las 17h de este lunes comenz\u00f3 un taller deportivo que tendr\u00e1 lugar dos d\u00edas a la semana. Asimismo, habr\u00e1 acceso a wifi para estudiantes y ser\u00e1 un punto de venta de la garrafa a precio subsidiado por el Municipio<\/em><\/strong>\u201d.<\/span><\/p>\n<p><span style=\"color: #000000;\">Es para destacar, que habr\u00e1 una articulaci\u00f3n con diferentes Programas, dependientes de numerosas \u00e1reas municipales, muchos de los cuales dependen de la <strong>Direcci\u00f3n de Familia<\/strong>, a cargo de Nancy Vinnitchenko, espec\u00edficamente de la <strong>Asesor\u00eda de la Mujer, Discapacidad, Ni\u00f1ez y Adolescencia, Adulto Mayor, Adicciones<\/strong>.<\/span><\/p>\n<h5><span style=\"color: #000000;\">\u2022F.B.<\/span><\/h5>\n","protected":false},"excerpt":{"rendered":"<p>La Secretaria de Desarrollo Humano Norma Ruiz detall\u00f3 c\u00f3mo se est\u00e1 llevando adelante el Programa de Descentralizaci\u00f3n de Servicios Sociales e &#8230;<\/p>\n","protected":false},"author":8,"featured_media":92390,"comment_status":"open","ping_status":"open","sticky":false,"template":"","format":"standard","meta":{"footnotes":""},"categories":[5,78],"tags":[],"class_list":["post-92607","post","type-post","status-publish","format-standard","has-post-thumbnail","hentry","category-actualidad","category-municipalidad"],"_links":{"self":[{"href":"https:\/\/vinasfm.com\/noticias\/wp-json\/wp\/v2\/posts\/92607","targetHints":{"allow":["GET"]}}],"collection":[{"href":"https:\/\/vinasfm.com\/noticias\/wp-json\/wp\/v2\/posts"}],"about":[{"href":"https:\/\/vinasfm.com\/noticias\/wp-json\/wp\/v2\/types\/post"}],"author":[{"embeddable":true,"href":"https:\/\/vinasfm.com\/noticias\/wp-json\/wp\/v2\/users\/8"}],"replies":[{"embeddable":true,"href":"https:\/\/vinasfm.com\/noticias\/wp-json\/wp\/v2\/comments?post=92607"}],"version-history":[{"count":2,"href":"https:\/\/vinasfm.com\/noticias\/wp-json\/wp\/v2\/posts\/92607\/revisions"}],"predecessor-version":[{"id":92743,"href":"https:\/\/vinasfm.com\/noticias\/wp-json\/wp\/v2\/posts\/92607\/revisions\/92743"}],"wp:featuredmedia":[{"embeddable":true,"href":"https:\/\/vinasfm.com\/noticias\/wp-json\/wp\/v2\/media\/92390"}],"wp:attachment":[{"href":"https:\/\/vinasfm.com\/noticias\/wp-json\/wp\/v2\/media?parent=92607"}],"wp:term":[{"taxonomy":"category","embeddable":true,"href":"https:\/\/vinasfm.com\/noticias\/wp-json\/wp\/v2\/categories?post=92607"},{"taxonomy":"post_tag","embeddable":true,"href":"https:\/\/vinasfm.com\/noticias\/wp-json\/wp\/v2\/tags?post=92607"}],"curies":[{"name":"wp","href":"https:\/\/api.w.org\/{rel}","templated":true}]}}