{"id":92578,"date":"2021-06-29T07:00:57","date_gmt":"2021-06-29T10:00:57","guid":{"rendered":"http:\/\/vinasfm.com\/noticias\/?p=92578"},"modified":"2021-06-29T12:15:03","modified_gmt":"2021-06-29T15:15:03","slug":"monte-coman-atraviesa-una-grave-situacion-sanitaria-ante-el-avance-del-covid-19","status":"publish","type":"post","link":"https:\/\/vinasfm.com\/noticias\/monte-coman-atraviesa-una-grave-situacion-sanitaria-ante-el-avance-del-covid-19\/","title":{"rendered":"MONTE COM\u00c1N ATRAVIESA UNA GRAVE SITUACI\u00d3N SANITARIA ANTE EL AVANCE DEL COVID-19"},"content":{"rendered":"<h4><span style=\"color: #000000;\"><strong>Durante la semana pasada se conoci\u00f3 la noticia sobre la muerte por coronavirus de 14 adultos mayores\u00a0en un geri\u00e1trico de la localidad de\u00a0Monte Com\u00e1n, en San Rafael. Este domingo se confirm\u00f3\u00a0el fallecimiento de otro hombre de 98 a\u00f1os.<\/strong><\/span><\/h4>\n<p><span style=\"color: #000000;\">La noticia estremeci\u00f3 a la provincia luego que trascendiera que en el geri\u00e1trico<strong>\u00a0\u00abFundaci\u00f3n Hogar San Luis Gonzaga\u00bb<\/strong>, los residentes no hab\u00edan sido vacunados contra el Covid-19, a pesar de tener dosis a su disposici\u00f3n. Desde el lugar indicaron que las vacunas no se aplicaron porque los familiares no hab\u00edan dado su consentimiento.<\/span><\/p>\n<p><span style=\"color: #000000;\">El caso del hogar de ancianos de Monte Com\u00e1n <strong>dej\u00f3 al descubierto la grave situaci\u00f3n sanitaria que est\u00e1 atravesando el distrito de San Rafael<\/strong>. Seg\u00fan el delegado municipal,<b>\u00a0Carlos Maun\u00e1s<\/b>, en un mes han fallecido 30 personas de covid-19. \u00ab<strong><em>Es una situaci\u00f3n lamentable.<span class=\"highlight_text\">\u00a0Es un pueblo de jubilados Monte Com\u00e1n y este virus nos ha pegado muy fuerte, no pudimos controlar los contagios.\u00a0<\/span>La sala de primeros auxilios nos daba los n\u00fameros de hasta 10 casos por d\u00eda. En un momento lleg\u00f3 a las personas de m\u00e1s edad que son muy dif\u00edciles de recuperar<\/em><\/strong>\u00ab, dijo el empleado de la comuna.<\/span><\/p>\n<p><span style=\"color: #000000;\"><b>\u00ab<em>En estos \u00faltimos 35 d\u00edas hemos llegado a 29 casos. Nosotros, el d\u00eda de la nevada, ten\u00edamos al personal haciendo fosa, enterramos a 8 personas en tres d\u00edas. Es algo muy triste<\/em>\u00ab,<\/b>\u00a0agreg\u00f3.<\/span><\/p>\n<p><span style=\"color: #000000;\">El\u00a0<strong>Ministerio de Salud<\/strong>, por su parte,<strong> lleva adelante una investigaci\u00f3n ya que no hab\u00edan sido puestos en conocimiento de la situaci\u00f3n<\/strong>. Este domingo se conoci\u00f3 que otro de los residentes, de 98 a\u00f1os, muri\u00f3. Seg\u00fan informaron no ser\u00eda a causa de coronavirus sino de otras afecciones que padec\u00eda.<\/span><\/p>\n<p><span style=\"color: #000000;\">Actualmente, <strong>en el lugar\u00a0quedan\u00a011\u00a0personas\u00a0de las cu\u00e1les\u00a0hay 5 recuperadas, otras 5 con sintomatolog\u00eda leve\u00a0y dos\u00a0con ox\u00edgeno<\/strong>.\u00a0 Frente a esto, <strong>desde Salud confiaron que actualmente los protocolos se est\u00e1n cumpliendo y los residentes est\u00e1n cuidados<\/strong>.<\/span><\/p>\n<h5><span style=\"color: #000000;\">Fuente: MDZ y Sitio Andino.<\/span><\/h5>\n","protected":false},"excerpt":{"rendered":"<p>Durante la semana pasada se conoci\u00f3 la noticia sobre la muerte por coronavirus de 14 adultos mayores\u00a0en un geri\u00e1trico de la &#8230;<\/p>\n","protected":false},"author":8,"featured_media":92579,"comment_status":"open","ping_status":"open","sticky":false,"template":"","format":"standard","meta":{"footnotes":""},"categories":[5,15],"tags":[],"class_list":["post-92578","post","type-post","status-publish","format-standard","has-post-thumbnail","hentry","category-actualidad","category-salud"],"_links":{"self":[{"href":"https:\/\/vinasfm.com\/noticias\/wp-json\/wp\/v2\/posts\/92578","targetHints":{"allow":["GET"]}}],"collection":[{"href":"https:\/\/vinasfm.com\/noticias\/wp-json\/wp\/v2\/posts"}],"about":[{"href":"https:\/\/vinasfm.com\/noticias\/wp-json\/wp\/v2\/types\/post"}],"author":[{"embeddable":true,"href":"https:\/\/vinasfm.com\/noticias\/wp-json\/wp\/v2\/users\/8"}],"replies":[{"embeddable":true,"href":"https:\/\/vinasfm.com\/noticias\/wp-json\/wp\/v2\/comments?post=92578"}],"version-history":[{"count":3,"href":"https:\/\/vinasfm.com\/noticias\/wp-json\/wp\/v2\/posts\/92578\/revisions"}],"predecessor-version":[{"id":92584,"href":"https:\/\/vinasfm.com\/noticias\/wp-json\/wp\/v2\/posts\/92578\/revisions\/92584"}],"wp:featuredmedia":[{"embeddable":true,"href":"https:\/\/vinasfm.com\/noticias\/wp-json\/wp\/v2\/media\/92579"}],"wp:attachment":[{"href":"https:\/\/vinasfm.com\/noticias\/wp-json\/wp\/v2\/media?parent=92578"}],"wp:term":[{"taxonomy":"category","embeddable":true,"href":"https:\/\/vinasfm.com\/noticias\/wp-json\/wp\/v2\/categories?post=92578"},{"taxonomy":"post_tag","embeddable":true,"href":"https:\/\/vinasfm.com\/noticias\/wp-json\/wp\/v2\/tags?post=92578"}],"curies":[{"name":"wp","href":"https:\/\/api.w.org\/{rel}","templated":true}]}}