{"id":92515,"date":"2021-06-28T23:59:14","date_gmt":"2021-06-29T02:59:14","guid":{"rendered":"http:\/\/vinasfm.com\/noticias\/?p=92515"},"modified":"2021-06-29T12:15:49","modified_gmt":"2021-06-29T15:15:49","slug":"b-costa-del-atuel-detuvieron-a-miembros-de-dos-bandas-enfrentadas-y-secuestraron-armas-de-fuego","status":"publish","type":"post","link":"https:\/\/vinasfm.com\/noticias\/b-costa-del-atuel-detuvieron-a-miembros-de-dos-bandas-enfrentadas-y-secuestraron-armas-de-fuego\/","title":{"rendered":"B\u00b0 COSTA DEL ATUEL: DETUVIERON A MIEMBROS DE DOS BANDAS ENFRENTADAS Y SECUESTRARON ARMAS DE FUEGO"},"content":{"rendered":"<h4><span style=\"color: #000000;\"><strong>Luego de enfrentamientos protagonizados por dos bandas en el B\u00b0 Costa del Atuel durante el mes de mayo producto de diferencias surgidas tras la divisi\u00f3n de bienes que hab\u00edan sustra\u00eddo en distintos hechos delictivos, este fin de semana la Policia efectu\u00f3 9 allanamientos en los que lograron aprehender a tres personas y secuestrar armas de fuego y elementos de inter\u00e9s para la investigaci\u00f3n.<\/strong><\/span><\/h4>\n<p><span style=\"color: #000000;\">A fin de dar <strong>respuesta a pedidos de vecinos del lugar<\/strong>, cansados de la serie de <strong>enfrentamientos que sol\u00edan darse a plena luz del d\u00eda y pon\u00edan en riesgo su integridad<\/strong>, la <strong>Unidad Fiscal de General Alvear<\/strong> orden\u00f3 la intervenci\u00f3n en el marco de una investigaci\u00f3n iniciada por el delito de <strong><em>Abuso de Arma<\/em><\/strong>.<\/span><\/p>\n<p><strong><span style=\"color: #000000;\">Leer tambi\u00e9n <a href=\"http:\/\/vinasfm.com\/noticias\/b-costa-del-atuel-robaron-no-acordaron-la-division-del-botin-y-se-enfrentaron-a-tiros\/\">B\u00b0 COSTA DEL ATUEL: ROBARON, NO ACORDARON LA DIVISI\u00d3N DEL \u2018BOT\u00cdN\u2019 Y SE ENFRENTARON A TIROS<\/a><\/span><\/strong><\/p>\n<p><span style=\"color: #000000;\">Seg\u00fan el reporte suministrado a <strong>F.M. VI\u00d1AS<\/strong>, las medidas se llevaron a cabo conforme directivas del <strong>Fiscal Martin Castro<\/strong> y <strong>Ayudante Fiscal Silvia Ag\u00fcero<\/strong>, participando en su ejecuci\u00f3n personal de <strong>Unidad Investigativa<\/strong> y <strong>Personal de Lucha contra el Narcotr\u00e1fico<\/strong>, contando con el apoyo de <strong>Personal de Unidad de Cuerpos Especiales<\/strong> y<strong> Personal de Comisaria 14\u00b0<\/strong> en la parte externa de los domicilios.<\/span><\/p>\n<p><span style=\"color: #000000;\">El primero de los allanamentos fue en una<strong> vivienda del Pasaje Martin Fierro<\/strong>, donde <strong>se detuvo a su morador de 19 a\u00f1os de edad<\/strong> y se secuestr\u00f3 <strong>un arma de pu\u00f1o de aire comprimido tipo r\u00e9plica de arma de fuego, calibre 4.5 mm, con cargador y culata rebatible<\/strong>.\u00a0<\/span><\/p>\n<p><span style=\"color: #000000;\">En una propiedad de <strong>calle San Miguel Arcangel<\/strong> se procedi\u00f3 a la <strong>aprehensi\u00f3n de un joven de 20 a\u00f1os de edad<\/strong> y en una vivienda contigua, se logr\u00f3 el secuestro de un <strong>arma tipo rifle de aire comprimido con culata de madera, calibre 4.5 mm<\/strong>.<\/span><\/p>\n<p><span style=\"color: #000000;\">Adem\u00e1s en una vivienda de <strong>calle Juan Domingo Peron<\/strong>, se incaut\u00f3 <strong>una escopeta calibre 16 de un ca\u00f1o<\/strong>. Finalmente en<strong> calle Pio Castro<\/strong> donde <strong>se secuestraron ropas varias y un tel\u00e9fono celular<\/strong>, elementos relacionados con la investigaci\u00f3n, como as\u00ed <strong>la aprehensi\u00f3n de un hombre de 50 a\u00f1os de edad<\/strong>.<\/span><\/p>\n<h5><span style=\"color: #000000;\">\u2022F.B. (F.M. Vi\u00f1as).\u00a0<\/span><\/h5>\n","protected":false},"excerpt":{"rendered":"<p>Luego de enfrentamientos protagonizados por dos bandas en el B\u00b0 Costa del Atuel durante el mes de mayo producto de diferencias &#8230;<\/p>\n","protected":false},"author":8,"featured_media":63435,"comment_status":"open","ping_status":"open","sticky":false,"template":"","format":"standard","meta":{"footnotes":""},"categories":[5,4],"tags":[],"class_list":["post-92515","post","type-post","status-publish","format-standard","has-post-thumbnail","hentry","category-actualidad","category-policiales"],"_links":{"self":[{"href":"https:\/\/vinasfm.com\/noticias\/wp-json\/wp\/v2\/posts\/92515","targetHints":{"allow":["GET"]}}],"collection":[{"href":"https:\/\/vinasfm.com\/noticias\/wp-json\/wp\/v2\/posts"}],"about":[{"href":"https:\/\/vinasfm.com\/noticias\/wp-json\/wp\/v2\/types\/post"}],"author":[{"embeddable":true,"href":"https:\/\/vinasfm.com\/noticias\/wp-json\/wp\/v2\/users\/8"}],"replies":[{"embeddable":true,"href":"https:\/\/vinasfm.com\/noticias\/wp-json\/wp\/v2\/comments?post=92515"}],"version-history":[{"count":2,"href":"https:\/\/vinasfm.com\/noticias\/wp-json\/wp\/v2\/posts\/92515\/revisions"}],"predecessor-version":[{"id":92555,"href":"https:\/\/vinasfm.com\/noticias\/wp-json\/wp\/v2\/posts\/92515\/revisions\/92555"}],"wp:featuredmedia":[{"embeddable":true,"href":"https:\/\/vinasfm.com\/noticias\/wp-json\/wp\/v2\/media\/63435"}],"wp:attachment":[{"href":"https:\/\/vinasfm.com\/noticias\/wp-json\/wp\/v2\/media?parent=92515"}],"wp:term":[{"taxonomy":"category","embeddable":true,"href":"https:\/\/vinasfm.com\/noticias\/wp-json\/wp\/v2\/categories?post=92515"},{"taxonomy":"post_tag","embeddable":true,"href":"https:\/\/vinasfm.com\/noticias\/wp-json\/wp\/v2\/tags?post=92515"}],"curies":[{"name":"wp","href":"https:\/\/api.w.org\/{rel}","templated":true}]}}