{"id":92480,"date":"2021-06-25T00:10:17","date_gmt":"2021-06-25T03:10:17","guid":{"rendered":"http:\/\/vinasfm.com\/noticias\/?p=92480"},"modified":"2021-06-28T01:21:42","modified_gmt":"2021-06-28T04:21:42","slug":"25-06-alvear-reporto-26-casos-positivos-y-confirmo-la-recuperacion-de-30-pacientes","status":"publish","type":"post","link":"https:\/\/vinasfm.com\/noticias\/25-06-alvear-reporto-26-casos-positivos-y-confirmo-la-recuperacion-de-30-pacientes\/","title":{"rendered":"25\/06: ALVEAR REPORT\u00d3 26 CASOS POSITIVOS Y CONFIRM\u00d3 LA RECUPERACI\u00d3N DE 30 PACIENTES"},"content":{"rendered":"<h4><span style=\"color: #000000;\"><strong>Durante las \u00faltimas 24 horas, el sistema sanitario de General Alvear report\u00f3 26 casos positivos, de un total de 57 muestras de PCR realizadas, y confirm\u00f3 la recuperaci\u00f3n de 30 pacientes.<\/strong><\/span><\/h4>\n<p><span style=\"color: #000000;\">Al momento, el total de casos acumulados en el\u00a0<em><strong>Hospital Enfermeros Argentinos<\/strong><\/em>\u00a0es de\u00a0<strong>4.877 <\/strong>desde el comienzo de la pandemia de los cuales\u00a0<strong>290 <\/strong><strong>transitan actualmente la enfermedad<\/strong>,\u00a0<strong>4.408 se han recuperado <\/strong>y\u00a0<strong>179 pacientes han perdido la vida.<\/strong><\/span><\/p>\n<h4 style=\"text-align: center;\"><span style=\"color: #000000;\"><strong>INFORME REGI\u00d3N SUR<\/strong><\/span><\/h4>\n<p><span style=\"color: #000000;\">Este\u00a0<strong>viernes<\/strong>, entre los tres departamentos del Sur se realizaron\u00a0<strong>465 PCR<\/strong>, resultando:\u00a0<strong>149 muestras positivas<\/strong>\u00a0para Covid-19 y\u00a0<strong>316 negativas<\/strong>.<\/span><\/p>\n<ul>\n<li><span style=\"color: #000000;\"><strong>GENERAL ALVEAR: 26 casos positivos.<\/strong><\/span><\/li>\n<li><span style=\"color: #000000;\"><strong>SAN RAFAEL: 106 casos positivos.<\/strong><\/span><\/li>\n<li><span style=\"color: #000000;\"><strong>MALARG\u00dcE: 17 casos positivos.<\/strong><\/span><\/li>\n<\/ul>\n<p><span style=\"color: #000000;\">Con estas cifras,\u00a0<strong>San Rafael, General Alvear y Malarg\u00fce<\/strong>\u00a0cuentan con\u00a0<strong>23.628<\/strong>\u00a0casos confirmados desde el inicio de la pandemia de los cuales\u00a0<strong>20.240<\/strong>\u00a0se han recuperado y\u00a0<strong>670<\/strong>\u00a0han fallecido.<\/span><\/p>\n<h5><span style=\"color: #000000;\">\u2022F.B. (F.M. Vi\u00f1as).<\/span><\/h5>\n","protected":false},"excerpt":{"rendered":"<p>Durante las \u00faltimas 24 horas, el sistema sanitario de General Alvear report\u00f3 26 casos positivos, de un total de 57 muestras &#8230;<\/p>\n","protected":false},"author":8,"featured_media":41236,"comment_status":"open","ping_status":"open","sticky":false,"template":"","format":"standard","meta":{"footnotes":""},"categories":[5,62],"tags":[],"class_list":["post-92480","post","type-post","status-publish","format-standard","has-post-thumbnail","hentry","category-actualidad","category-coronavirus"],"_links":{"self":[{"href":"https:\/\/vinasfm.com\/noticias\/wp-json\/wp\/v2\/posts\/92480","targetHints":{"allow":["GET"]}}],"collection":[{"href":"https:\/\/vinasfm.com\/noticias\/wp-json\/wp\/v2\/posts"}],"about":[{"href":"https:\/\/vinasfm.com\/noticias\/wp-json\/wp\/v2\/types\/post"}],"author":[{"embeddable":true,"href":"https:\/\/vinasfm.com\/noticias\/wp-json\/wp\/v2\/users\/8"}],"replies":[{"embeddable":true,"href":"https:\/\/vinasfm.com\/noticias\/wp-json\/wp\/v2\/comments?post=92480"}],"version-history":[{"count":4,"href":"https:\/\/vinasfm.com\/noticias\/wp-json\/wp\/v2\/posts\/92480\/revisions"}],"predecessor-version":[{"id":92526,"href":"https:\/\/vinasfm.com\/noticias\/wp-json\/wp\/v2\/posts\/92480\/revisions\/92526"}],"wp:featuredmedia":[{"embeddable":true,"href":"https:\/\/vinasfm.com\/noticias\/wp-json\/wp\/v2\/media\/41236"}],"wp:attachment":[{"href":"https:\/\/vinasfm.com\/noticias\/wp-json\/wp\/v2\/media?parent=92480"}],"wp:term":[{"taxonomy":"category","embeddable":true,"href":"https:\/\/vinasfm.com\/noticias\/wp-json\/wp\/v2\/categories?post=92480"},{"taxonomy":"post_tag","embeddable":true,"href":"https:\/\/vinasfm.com\/noticias\/wp-json\/wp\/v2\/tags?post=92480"}],"curies":[{"name":"wp","href":"https:\/\/api.w.org\/{rel}","templated":true}]}}