{"id":92437,"date":"2021-06-28T22:10:12","date_gmt":"2021-06-29T01:10:12","guid":{"rendered":"http:\/\/vinasfm.com\/noticias\/?p=92437"},"modified":"2021-06-29T10:32:00","modified_gmt":"2021-06-29T13:32:00","slug":"asfaltaran-la-calle-g-entre-calles-4-y-7-y-se-licitara-la-construccion-del-nuevo-puente-de-centenario-y-13","status":"publish","type":"post","link":"https:\/\/vinasfm.com\/noticias\/asfaltaran-la-calle-g-entre-calles-4-y-7-y-se-licitara-la-construccion-del-nuevo-puente-de-centenario-y-13\/","title":{"rendered":"ASFALTAR\u00c1N LA CALLE G, ENTRE CALLES 4 Y 7, Y SE LICITAR\u00c1 LA CONSTRUCCI\u00d3N DEL NUEVO PUENTE DE CENTENARIO Y 13"},"content":{"rendered":"<h4><span style=\"color: #000000;\"><strong>El Consejero de Zona Sur de la Direcci\u00f3n Provincial de Vialidad -DPV- V\u00edctor \u00c1lvarez brind\u00f3 detalles de la obra que se est\u00e1 llevando adelante en Calle G, entre 4 y 7, que, en una primera etapa, incluye el enripiado para el futuro asfalto.<\/strong><\/span><\/h4>\n<div id=\"attachment_92463\" style=\"width: 341px\" class=\"wp-caption alignleft\"><a href=\"http:\/\/vinasfm.com\/noticias\/wp-content\/uploads\/2021\/06\/01e76ac5-3335-4a95-9982-caa6f65c3ebd.jpg\"><img loading=\"lazy\" decoding=\"async\" aria-describedby=\"caption-attachment-92463\" class=\" wp-image-92463\" src=\"http:\/\/vinasfm.com\/noticias\/wp-content\/uploads\/2021\/06\/01e76ac5-3335-4a95-9982-caa6f65c3ebd-300x200.jpg\" alt=\"\" width=\"341\" height=\"227\" srcset=\"https:\/\/vinasfm.com\/noticias\/wp-content\/uploads\/2021\/06\/01e76ac5-3335-4a95-9982-caa6f65c3ebd-300x200.jpg 300w, https:\/\/vinasfm.com\/noticias\/wp-content\/uploads\/2021\/06\/01e76ac5-3335-4a95-9982-caa6f65c3ebd-1024x682.jpg 1024w, https:\/\/vinasfm.com\/noticias\/wp-content\/uploads\/2021\/06\/01e76ac5-3335-4a95-9982-caa6f65c3ebd-768x512.jpg 768w, https:\/\/vinasfm.com\/noticias\/wp-content\/uploads\/2021\/06\/01e76ac5-3335-4a95-9982-caa6f65c3ebd.jpg 1280w\" sizes=\"auto, (max-width: 341px) 100vw, 341px\" \/><\/a><p id=\"caption-attachment-92463\" class=\"wp-caption-text\">V\u00edctor \u00c1lvarez, Consejero de Vialidad Provincial Zona Sur.<\/p><\/div>\n<p><span style=\"color: #000000;\">\u201c<strong><em>Se trata de una necesidad y de un compromiso de hace mucho tiempo, que va a mejorar la calidad de vida de las personas que viven y de quienes transitan por la zona. Se est\u00e1 ejecutando enripiado para la base de un futuro asfalto, que esperamos est\u00e9 terminado antes de fin de a\u00f1o<\/em><\/strong>\u201d, resalt\u00f3 el <strong>Consejero de Zona Sur de la Direcci\u00f3n Provincial de Vialidad -DPV- V\u00edctor \u00c1lvarez<\/strong>.<\/span><\/p>\n<p><span style=\"color: #000000;\">La etapa inicial tiene un presupuesto de traslado de 5000m3 de ripio de <strong>$2.200.000<\/strong>, que es provisto y cargado por vialidad en la ripiera de <strong>La Guevarina<\/strong>, para cubrir toda la arteria en cuesti\u00f3n. Para la segunda etapa se va a llamar a licitaci\u00f3n para poder concretar la carpeta asf\u00e1ltica.<\/span><\/p>\n<p><span style=\"color: #000000;\">Respecto al Programa de mantenimiento de asfalto de la zona Sur provincial por un total de 60 millones de pesos, ayer se recibieron los sobres para realizar carpeta de micro aglomerado, distribuida entre los tres departamentos. \u201c<strong><em>Se va a hacer sobre calle 7, entre calle G y Ruta 188, y en calle 10, entre Ruta 188 y calle C. Cuando est\u00e9 concluida, va a ser una buena alternativa para el transporte que no necesite ingresar a la Ciudad<\/em><\/strong>\u201d, subray\u00f3.<\/span><\/p>\n<p><a href=\"http:\/\/vinasfm.com\/noticias\/wp-content\/uploads\/2021\/06\/85e9b66f-521b-4905-b23e-e72739096fa5.jpg\"><img loading=\"lazy\" decoding=\"async\" class=\" wp-image-92465 aligncenter\" src=\"http:\/\/vinasfm.com\/noticias\/wp-content\/uploads\/2021\/06\/85e9b66f-521b-4905-b23e-e72739096fa5-300x200.jpg\" alt=\"\" width=\"497\" height=\"331\" srcset=\"https:\/\/vinasfm.com\/noticias\/wp-content\/uploads\/2021\/06\/85e9b66f-521b-4905-b23e-e72739096fa5-300x200.jpg 300w, https:\/\/vinasfm.com\/noticias\/wp-content\/uploads\/2021\/06\/85e9b66f-521b-4905-b23e-e72739096fa5-1024x682.jpg 1024w, https:\/\/vinasfm.com\/noticias\/wp-content\/uploads\/2021\/06\/85e9b66f-521b-4905-b23e-e72739096fa5-768x512.jpg 768w, https:\/\/vinasfm.com\/noticias\/wp-content\/uploads\/2021\/06\/85e9b66f-521b-4905-b23e-e72739096fa5.jpg 1280w\" sizes=\"auto, (max-width: 497px) 100vw, 497px\" \/><\/a><\/p>\n<p><span style=\"color: #000000;\">El <strong>Consejero de Zona Sur de la DPV<\/strong> tambi\u00e9n se refiri\u00f3 al problema del <strong>puente ubicado en calle Centenario y calle 13<\/strong>, que por la cantidad de lluvia colaps\u00f3 y una vez que se produjo la inhabilitaci\u00f3n se procedi\u00f3 al estudio t\u00e9cnico, con la alternativa de volver a poner un ca\u00f1o de las mismas caracter\u00edsticas, pero por ser una arteria importante del Departamento merece otro tipo de trabajo:\u00a0\u201c<strong><em>Se va a hacer un puente de material de 13m de ancho de hormig\u00f3n, con resistencia a la salinidad del agua que corre por el lugar. Para ello, se efectuaron estudios de suelo, del agua, etapas t\u00e9cnicas solicitadas por la DPV. El costo de la obra es de $8.400.000. Ser\u00e1 una obra m\u00e1s lerda pero definitiva. La apertura de sobres correspondiente a la licitaci\u00f3n se va a hacer el 30 de junio, una vez otorgada al oferente tiene 70 d\u00edas de plazo de ejecuci\u00f3n<\/em><\/strong>\u201d.<\/span><\/p>\n<h5><span style=\"color: #000000;\">\u2022F.B.<\/span><\/h5>\n","protected":false},"excerpt":{"rendered":"<p>El Consejero de Zona Sur de la Direcci\u00f3n Provincial de Vialidad -DPV- V\u00edctor \u00c1lvarez brind\u00f3 detalles de la obra que se &#8230;<\/p>\n","protected":false},"author":8,"featured_media":92438,"comment_status":"open","ping_status":"open","sticky":false,"template":"","format":"standard","meta":{"footnotes":""},"categories":[5,29,79],"tags":[],"class_list":["post-92437","post","type-post","status-publish","format-standard","has-post-thumbnail","hentry","category-actualidad","category-obras-y-servicios","category-vialidad"],"_links":{"self":[{"href":"https:\/\/vinasfm.com\/noticias\/wp-json\/wp\/v2\/posts\/92437","targetHints":{"allow":["GET"]}}],"collection":[{"href":"https:\/\/vinasfm.com\/noticias\/wp-json\/wp\/v2\/posts"}],"about":[{"href":"https:\/\/vinasfm.com\/noticias\/wp-json\/wp\/v2\/types\/post"}],"author":[{"embeddable":true,"href":"https:\/\/vinasfm.com\/noticias\/wp-json\/wp\/v2\/users\/8"}],"replies":[{"embeddable":true,"href":"https:\/\/vinasfm.com\/noticias\/wp-json\/wp\/v2\/comments?post=92437"}],"version-history":[{"count":3,"href":"https:\/\/vinasfm.com\/noticias\/wp-json\/wp\/v2\/posts\/92437\/revisions"}],"predecessor-version":[{"id":92464,"href":"https:\/\/vinasfm.com\/noticias\/wp-json\/wp\/v2\/posts\/92437\/revisions\/92464"}],"wp:featuredmedia":[{"embeddable":true,"href":"https:\/\/vinasfm.com\/noticias\/wp-json\/wp\/v2\/media\/92438"}],"wp:attachment":[{"href":"https:\/\/vinasfm.com\/noticias\/wp-json\/wp\/v2\/media?parent=92437"}],"wp:term":[{"taxonomy":"category","embeddable":true,"href":"https:\/\/vinasfm.com\/noticias\/wp-json\/wp\/v2\/categories?post=92437"},{"taxonomy":"post_tag","embeddable":true,"href":"https:\/\/vinasfm.com\/noticias\/wp-json\/wp\/v2\/tags?post=92437"}],"curies":[{"name":"wp","href":"https:\/\/api.w.org\/{rel}","templated":true}]}}