{"id":92365,"date":"2021-06-24T23:59:50","date_gmt":"2021-06-25T02:59:50","guid":{"rendered":"http:\/\/vinasfm.com\/noticias\/?p=92365"},"modified":"2021-06-25T10:27:10","modified_gmt":"2021-06-25T13:27:10","slug":"joven-lesionada-tras-sufrir-un-accidente-de-transito-en-la-interseccion-de-calle-albox-y-pte-illia","status":"publish","type":"post","link":"https:\/\/vinasfm.com\/noticias\/joven-lesionada-tras-sufrir-un-accidente-de-transito-en-la-interseccion-de-calle-albox-y-pte-illia\/","title":{"rendered":"JOVEN LESIONADA TRAS SUFRIR UN ACCIDENTE DE TR\u00c1NSITO EN LA INTERSECCI\u00d3N DE CALLE ALBOX Y PTE. ILL\u00cdA"},"content":{"rendered":"<h4><span style=\"color: #000000;\"><strong>Una motociclista sufri\u00f3 lesiones luego de colisionar contra un veh\u00edculo en la intersecci\u00f3n de calle Albox y avenida Presidente Ill\u00eda en horas de la ma\u00f1ana de este jueves.<\/strong><\/span><\/h4>\n<p><span style=\"color: #000000;\">Del siniestro participaron un<strong> Chevrolet Astra<\/strong>, conducido por un hombre de apellido <em>Nuevo<\/em>, \u00a0y una <strong>Zanella 150cc<\/strong> al mando de una j<strong>oven de 21 a\u00f1os<\/strong> de apellido <em>Pradena<\/em>.<\/span><\/p>\n<p><span style=\"color: #000000;\">Seg\u00fan la reconstrucci\u00f3n del hecho, suministrada a <strong>F.M. VI\u00d1AS<\/strong> por el <strong>Subcomisario Jos\u00e9 L\u00f3pez, &#8216;<em>el rodado mayor transitaba en direcci\u00f3n al sur por Albox y al llegar al cruce con Ill\u00eda impact\u00f3 contra el rodado menor provocando que su conductora cayera pesadamente al suelo&#8217;<\/em><\/strong>.<\/span><\/p>\n<p><span style=\"color: #000000;\">Luego de ser advertidos al <strong>911<\/strong>, el <strong>CEO moviliz\u00f3 una ambulancia\u00a0<\/strong>hasta el lugar y <strong>traslad\u00f3 a la v\u00edctima hasta el Hospital &#8216;Enfermeros Argentinos&#8217; donde fue asistida<\/strong>.<\/span><\/p>\n<h5><span style=\"color: #000000;\">\u2022F.B.<\/span><\/h5>\n","protected":false},"excerpt":{"rendered":"<p>Una motociclista sufri\u00f3 lesiones luego de colisionar contra un veh\u00edculo en la intersecci\u00f3n de calle Albox y avenida Presidente Ill\u00eda en &#8230;<\/p>\n","protected":false},"author":8,"featured_media":41352,"comment_status":"open","ping_status":"open","sticky":false,"template":"","format":"standard","meta":{"footnotes":""},"categories":[5,4],"tags":[],"class_list":["post-92365","post","type-post","status-publish","format-standard","has-post-thumbnail","hentry","category-actualidad","category-policiales"],"_links":{"self":[{"href":"https:\/\/vinasfm.com\/noticias\/wp-json\/wp\/v2\/posts\/92365","targetHints":{"allow":["GET"]}}],"collection":[{"href":"https:\/\/vinasfm.com\/noticias\/wp-json\/wp\/v2\/posts"}],"about":[{"href":"https:\/\/vinasfm.com\/noticias\/wp-json\/wp\/v2\/types\/post"}],"author":[{"embeddable":true,"href":"https:\/\/vinasfm.com\/noticias\/wp-json\/wp\/v2\/users\/8"}],"replies":[{"embeddable":true,"href":"https:\/\/vinasfm.com\/noticias\/wp-json\/wp\/v2\/comments?post=92365"}],"version-history":[{"count":5,"href":"https:\/\/vinasfm.com\/noticias\/wp-json\/wp\/v2\/posts\/92365\/revisions"}],"predecessor-version":[{"id":92374,"href":"https:\/\/vinasfm.com\/noticias\/wp-json\/wp\/v2\/posts\/92365\/revisions\/92374"}],"wp:featuredmedia":[{"embeddable":true,"href":"https:\/\/vinasfm.com\/noticias\/wp-json\/wp\/v2\/media\/41352"}],"wp:attachment":[{"href":"https:\/\/vinasfm.com\/noticias\/wp-json\/wp\/v2\/media?parent=92365"}],"wp:term":[{"taxonomy":"category","embeddable":true,"href":"https:\/\/vinasfm.com\/noticias\/wp-json\/wp\/v2\/categories?post=92365"},{"taxonomy":"post_tag","embeddable":true,"href":"https:\/\/vinasfm.com\/noticias\/wp-json\/wp\/v2\/tags?post=92365"}],"curies":[{"name":"wp","href":"https:\/\/api.w.org\/{rel}","templated":true}]}}