{"id":92322,"date":"2021-06-24T12:15:27","date_gmt":"2021-06-24T15:15:27","guid":{"rendered":"http:\/\/vinasfm.com\/noticias\/?p=92322"},"modified":"2021-06-24T19:51:02","modified_gmt":"2021-06-24T22:51:02","slug":"carlos-ponce-destaco-el-impacto-positivo-que-tendra-mendoza-activa-ii-en-alvear","status":"publish","type":"post","link":"https:\/\/vinasfm.com\/noticias\/carlos-ponce-destaco-el-impacto-positivo-que-tendra-mendoza-activa-ii-en-alvear\/","title":{"rendered":"CARLOS PONCE DESTAC\u00d3 EL IMPACTO POSITIVO QUE TENDR\u00c1 MENDOZA ACTIVA II EN ALVEAR"},"content":{"rendered":"<h3><strong><span style=\"color: #000000;\">El Secretario de Desarrollo y Promoci\u00f3n Departamental argument\u00f3 sobre la importancia del programa Mendoza Activa II, en base a los positivos antecedentes que tuvo la primera edici\u00f3n para el desarrollo econ\u00f3mico alvearense.\u00a0<\/span><\/strong><\/h3>\n<h4><strong><span style=\"color: #000000;\">En di\u00e1logo con F.M. Vi\u00f1as, Carlos Ponce se refiri\u00f3 al programa Mendoza Activa II, que busca reactivar la econom\u00eda regional. <em>\u00abTenemos nuevamente la legislaci\u00f3n para este programa que en su primera edici\u00f3n aport\u00f3 80 millones de pesos en reembolso a la inversi\u00f3n por 300 millones que se hab\u00edan sido invertidos\u00bb<\/em>, coment\u00f3 el Secretario de Desarrollo y Promoci\u00f3n departamental.<\/span><\/strong><\/h4>\n<h4><strong><span style=\"color: #000000;\">Adem\u00e1s, sobre el alcance que tuvo, agreg\u00f3: <em>\u00abFue para construcci\u00f3n, agricultura, maquinarias, industria, y ha sido muy beneficioso\u00bb<\/em>. Por otra parte, tambi\u00e9n destac\u00f3 que este programa permiti\u00f3 avanzar en la promoci\u00f3n del empleo joven: <em>\u00abAlgo innovador fue el programa Enlace, que sirvi\u00f3 para compatibilizar algo m\u00e1s de entrenamiento laboral que ya hab\u00eda en el \u00e1mbito nacional. Y Alvear en esto ocupa un lugar preponderante, ya que es la oficina n\u00famero uno\u00bb.<\/em><\/span><\/strong><\/h4>\n<h4><strong><span style=\"color: #000000;\">Con respecto a las innovaciones del proyecto, coment\u00f3:<em> \u00abTendremos la incorporaci\u00f3n para el cambio del montes frutales de ciruelas que no hab\u00eda sido contemplado. La idea es estimular que se mantengan estos cultivos en General Alvear, San Rafael y la regi\u00f3n, como parte estrat\u00e9gica de la producci\u00f3n\u00bb<\/em>. <\/span><\/strong><\/h4>\n<h4><strong><span style=\"color: #000000;\">Con este cambio que se suma al importante plan de ayuda a inversionistas, buscan potenciar el desarrollo econ\u00f3mico. Y para cerrar, Ponce record\u00f3 que en la oficina de Intendente Morales 550, se pueden llevar a cabo todos los tr\u00e1mites par adherirse a los beneficios.<\/span><\/strong><\/h4>\n<h4><strong><span style=\"color: #000000;\">Como antecedente de este programa, estos son los n\u00fameros que dej\u00f3 la primera edici\u00f3n realizada el a\u00f1o pasado:<\/span><\/strong><\/h4>\n<h3><strong><span style=\"color: #000000;\">Mendoza Activa I Consolidado de la primera a la novena convocatoria en <\/span><\/strong><strong><span style=\"color: #000000;\">General Alvear:<\/span><\/strong><\/h3>\n<ul>\n<li>\n<h4><strong><span style=\"color: #000000;\">Construcci\u00f3n: Montos de inversi\u00f3n $86.553.547, ANR $24.526.131<\/span><\/strong><\/h4>\n<\/li>\n<li>\n<h4><strong><span style=\"color: #000000;\">Maquinaria Agr\u00edcola: Montos de inversi\u00f3n $53.838.584, ANR $ 21.535.434<\/span><\/strong><\/h4>\n<\/li>\n<li>\n<h4><strong><span style=\"color: #000000;\">Comercio y Servicios: Montos de inversi\u00f3n $11.192.434, ANR $4.292.075<\/span><\/strong><\/h4>\n<\/li>\n<li>\n<h4><strong><span style=\"color: #000000;\">Industria: Montos de inversi\u00f3n $82.657.067, ANR $28.473.159\u00a0<\/span><\/strong><\/h4>\n<\/li>\n<li>\n<h4><strong><span style=\"color: #000000;\">Forraje: Montos de inversi\u00f3n $2.005.799, ANR $802.320<\/span><\/strong><\/h4>\n<\/li>\n<li>\n<h4><strong><span style=\"color: #000000;\">Total de alvearenses que entraron al programa: 55<\/span><\/strong><\/h4>\n<\/li>\n<\/ul>\n<h4 style=\"text-align: center;\"><strong><span style=\"color: #000000;\">Total de inversiones en General Alvear: $ 236.247.431<\/span><\/strong><br \/>\n<strong><span style=\"color: #000000;\">Total de ANR en General Alvear: $ 79.629.118<\/span><\/strong><\/h4>\n<h5><strong><span style=\"color: #000000;\">\u2022L.A.<\/span><\/strong><\/h5>\n","protected":false},"excerpt":{"rendered":"<p>El Secretario de Desarrollo y Promoci\u00f3n Departamental argument\u00f3 sobre la importancia del programa Mendoza Activa II, en base a los positivos &#8230;<\/p>\n","protected":false},"author":7,"featured_media":60303,"comment_status":"open","ping_status":"open","sticky":false,"template":"","format":"standard","meta":{"footnotes":""},"categories":[5,16],"tags":[],"class_list":["post-92322","post","type-post","status-publish","format-standard","has-post-thumbnail","hentry","category-actualidad","category-economia"],"_links":{"self":[{"href":"https:\/\/vinasfm.com\/noticias\/wp-json\/wp\/v2\/posts\/92322","targetHints":{"allow":["GET"]}}],"collection":[{"href":"https:\/\/vinasfm.com\/noticias\/wp-json\/wp\/v2\/posts"}],"about":[{"href":"https:\/\/vinasfm.com\/noticias\/wp-json\/wp\/v2\/types\/post"}],"author":[{"embeddable":true,"href":"https:\/\/vinasfm.com\/noticias\/wp-json\/wp\/v2\/users\/7"}],"replies":[{"embeddable":true,"href":"https:\/\/vinasfm.com\/noticias\/wp-json\/wp\/v2\/comments?post=92322"}],"version-history":[{"count":5,"href":"https:\/\/vinasfm.com\/noticias\/wp-json\/wp\/v2\/posts\/92322\/revisions"}],"predecessor-version":[{"id":92349,"href":"https:\/\/vinasfm.com\/noticias\/wp-json\/wp\/v2\/posts\/92322\/revisions\/92349"}],"wp:featuredmedia":[{"embeddable":true,"href":"https:\/\/vinasfm.com\/noticias\/wp-json\/wp\/v2\/media\/60303"}],"wp:attachment":[{"href":"https:\/\/vinasfm.com\/noticias\/wp-json\/wp\/v2\/media?parent=92322"}],"wp:term":[{"taxonomy":"category","embeddable":true,"href":"https:\/\/vinasfm.com\/noticias\/wp-json\/wp\/v2\/categories?post=92322"},{"taxonomy":"post_tag","embeddable":true,"href":"https:\/\/vinasfm.com\/noticias\/wp-json\/wp\/v2\/tags?post=92322"}],"curies":[{"name":"wp","href":"https:\/\/api.w.org\/{rel}","templated":true}]}}