{"id":92105,"date":"2021-06-22T10:00:12","date_gmt":"2021-06-22T13:00:12","guid":{"rendered":"http:\/\/vinasfm.com\/noticias\/?p=92105"},"modified":"2021-06-22T19:12:10","modified_gmt":"2021-06-22T22:12:10","slug":"vacunaron-a-prestadores-turisticos-y-gastronomicos-de-alvear-durante-el-fin-de-semana","status":"publish","type":"post","link":"https:\/\/vinasfm.com\/noticias\/vacunaron-a-prestadores-turisticos-y-gastronomicos-de-alvear-durante-el-fin-de-semana\/","title":{"rendered":"VACUNARON A PRESTADORES TUR\u00cdSTICOS Y GASTRON\u00d3MICOS DE ALVEAR DURANTE EL FIN DE SEMANA"},"content":{"rendered":"<h4><span style=\"color: #000000;\"><strong>Este fin de semana se vacun\u00f3 contra el Covid-19 a los prestadores de servicios tur\u00edsticos y gastron\u00f3micos de nuestro departamento y este lunes continu\u00f3 la inmunizaci\u00f3n de aquellos que no pudieron asistir por diversos motivos el d\u00eda s\u00e1bado o domingo. De esta manera, esperar\u00e1n la temporada invernal con la primera dosis colocada.<\/strong><\/span><\/h4>\n<p><span style=\"color: #000000;\">La semana anterior se dio\u00a0 a conocer que quienes fueran prestadores de turismo pod\u00edan inscribirse a la vacunaci\u00f3n contra el covid-19 con una declaraci\u00f3n jurada de sus empleadores. En di\u00e1logo con <strong>F.M VI\u00d1AS<\/strong>, la <strong>Directora de Turismo Fabiana Gonz\u00e1lez<\/strong> expres\u00f3:<strong><em> &#8216;Esto realmente fue una gran oportunidad para todo el sector y para todos los que atienden y hacen servicio, en Alvear en su gran mayor\u00eda ser\u00edan familias ya que el 99% en Alvear est\u00e1n atendidos por sus propios due\u00f1os, esto a generado en el sector una gran tranquilidad y para poder seguir trabajando con la seguridad, sabemos que pronto comienza la temporada invernal&#8217;.<\/em><\/strong><\/span><\/p>\n<p><span style=\"color: #000000;\">Este fin de semana se trabajo con m\u00e1s intensidad debido al D\u00eda del Padre y muchos eleg\u00edan vacunarse este lunes 21:<strong><em> &#8216;Ojala que todo el sector haya encontrado y haya tenido est\u00e1 oportunidad de vacunarse porque es una puerta m\u00e1s que se habr\u00e9 para poder trabajar tranquilos&#8217;, <\/em><\/strong>subray\u00f3 Gonz\u00e1lez.<\/span><\/p>\n<p><span style=\"color: #000000;\">Teniendo en cuenta que nuestra provincia recibi\u00f3, en octubre del 2020, el sello <strong>Safe Travel<\/strong>, y que <strong>es uno de los sitios m\u00e1s elegidos por los turistas<\/strong>, esta acci\u00f3n permite seguir afianzando a\u00a0Mendoza\u00a0como destino seguro,\u00a0no s\u00f3lo\u00a0para los visitantes\u00a0sino tambi\u00e9n para los\u00a0trabajadores, en vistas a las pr\u00f3ximas vacaciones de invierno.<\/span><\/p>\n<p><span style=\"color: #000000;\"><strong><em>&#8216;Hay mucha gente vacunada en la provincia y apuntamos al turismo de cercan\u00eda en esta temporada invernal y en las vacaciones de invierno, aun que sea la gente que vive dentro de la provincia pueda desplazarse m\u00e1s tranquila, m\u00e1s segura ya vacunada que y pueda encontrar en Alvear una alternativa de gente tan c\u00e1lida como sabemos que los atienden ac\u00e1 y realmente esta posibilidad de las vacaciones invernales es una gran posibilidad del sector&#8217;<\/em><\/strong>, concluy\u00f3 la funcionaria.<\/span><\/p>\n<h5><span style=\"color: #000000;\">\u2022C.F.<\/span><\/h5>\n","protected":false},"excerpt":{"rendered":"<p>Este fin de semana se vacun\u00f3 contra el Covid-19 a los prestadores de servicios tur\u00edsticos y gastron\u00f3micos de nuestro departamento y &#8230;<\/p>\n","protected":false},"author":7,"featured_media":37527,"comment_status":"open","ping_status":"open","sticky":false,"template":"","format":"standard","meta":{"footnotes":""},"categories":[5,15,21],"tags":[],"class_list":["post-92105","post","type-post","status-publish","format-standard","has-post-thumbnail","hentry","category-actualidad","category-salud","category-turismo-2"],"_links":{"self":[{"href":"https:\/\/vinasfm.com\/noticias\/wp-json\/wp\/v2\/posts\/92105","targetHints":{"allow":["GET"]}}],"collection":[{"href":"https:\/\/vinasfm.com\/noticias\/wp-json\/wp\/v2\/posts"}],"about":[{"href":"https:\/\/vinasfm.com\/noticias\/wp-json\/wp\/v2\/types\/post"}],"author":[{"embeddable":true,"href":"https:\/\/vinasfm.com\/noticias\/wp-json\/wp\/v2\/users\/7"}],"replies":[{"embeddable":true,"href":"https:\/\/vinasfm.com\/noticias\/wp-json\/wp\/v2\/comments?post=92105"}],"version-history":[{"count":10,"href":"https:\/\/vinasfm.com\/noticias\/wp-json\/wp\/v2\/posts\/92105\/revisions"}],"predecessor-version":[{"id":92203,"href":"https:\/\/vinasfm.com\/noticias\/wp-json\/wp\/v2\/posts\/92105\/revisions\/92203"}],"wp:featuredmedia":[{"embeddable":true,"href":"https:\/\/vinasfm.com\/noticias\/wp-json\/wp\/v2\/media\/37527"}],"wp:attachment":[{"href":"https:\/\/vinasfm.com\/noticias\/wp-json\/wp\/v2\/media?parent=92105"}],"wp:term":[{"taxonomy":"category","embeddable":true,"href":"https:\/\/vinasfm.com\/noticias\/wp-json\/wp\/v2\/categories?post=92105"},{"taxonomy":"post_tag","embeddable":true,"href":"https:\/\/vinasfm.com\/noticias\/wp-json\/wp\/v2\/tags?post=92105"}],"curies":[{"name":"wp","href":"https:\/\/api.w.org\/{rel}","templated":true}]}}