{"id":91840,"date":"2021-06-17T23:59:46","date_gmt":"2021-06-18T02:59:46","guid":{"rendered":"http:\/\/vinasfm.com\/noticias\/?p=91840"},"modified":"2021-06-18T01:40:57","modified_gmt":"2021-06-18T04:40:57","slug":"el-bloque-pj-gestiona-ante-ypf-la-equiparacion-del-precio-de-los-combustibles-entre-alvear-y-el-resto-de-mendoza","status":"publish","type":"post","link":"https:\/\/vinasfm.com\/noticias\/el-bloque-pj-gestiona-ante-ypf-la-equiparacion-del-precio-de-los-combustibles-entre-alvear-y-el-resto-de-mendoza\/","title":{"rendered":"EL BLOQUE PJ GESTIONA ANTE YPF LA EQUIPARACI\u00d3N DEL PRECIO DE LOS COMBUSTIBLES ENTRE ALVEAR Y EL RESTO DE MENDOZA"},"content":{"rendered":"<h4><span style=\"color: #000000;\"><strong>En estos primeros seis meses del a\u00f1o el combustible ha sufrido aumentos y General Alvear junto con otros departamentos pagan entre $2 y $3\u00a0 m\u00e1s por litro que el resto de Mendoza, desde el PJ se present\u00f3 un proyecto para equiparar los precios con los de Capital.\u00a0<\/strong><\/span><\/h4>\n<p><span style=\"color: #000000;\">En di\u00e1logo con<strong> F.M. VI\u00d1AS<\/strong>, el <strong>concejal Ariel Andr\u00e9s<\/strong> se refiri\u00f3 al pedido que han realizado para igualar los precios del combustible de nuestro departamento con los del resto de la provincia:<em><strong>\u00a0&#8216;General Alvear paga el precio de la nafta y del gasoil en algunos casos hasta $3 m\u00e1s caros que Mendoza capital y el resto del norte, entonces que nos cuentan que ellos han hecho cl\u00faster, un cl\u00faster que es Alvear, San Rafael, Tupungato y Tunuy\u00e1n d\u00f3nde ese precio es $2 o $3 m\u00e1s caro por litro tanto en la nafta s\u00faper y en el gasoil, esto como ya sabemos repercute en el agro, repercute en el poder adquisitivo de la gente las mismas empresas tambi\u00e9n de del departamento&#8217;<\/strong><\/em>, se\u00f1al\u00f3.<\/span><\/p>\n<p><span style=\"color: #000000;\"><em><b>&#8216;En el d\u00eda de ayer presentamos un proyecto de resoluci\u00f3n d\u00f3nde le pedimos a C\u00e9sar Chiavaza, CEO de YPF, que arbitre los medios necesarios para que Alvear pague por lo menos, ya que no nos van a incluir en la tarifa <\/b><b>patag\u00f3nica<\/b><b> que pague por lo menos el mismo precio tanto en gasoil y en nafta que en Mendoza Capital; Mendoza capital y Buenos Aires Capital Federal pagan el mismo valor y nosotros pagamos $3 m\u00e1s por litro&#8217;, <\/b><\/em>detall\u00f3. El motivo por el que se establece que se paga m\u00e1s el litro ya sea de nafta y gasoil es por el flete hacia el departamento.<\/span><\/p>\n<p><span style=\"color: #000000;\"><em><b>&#8216;Si toda la parte pol\u00edtica se manifieste en esto y pechar todos los alvearenses para que esto salga c\u00f3mo sali\u00f3 o est\u00e1 por salir lo de la tarifa en gas subsidiada que paguemos un 30% menos todos los alvearenses y 50 % los que accedan los jubilados, monotributistas sociales creemos que esto es una ayudita m\u00e1s que podemos dar para que todos los alvearenses todos los d\u00edas estemos un poquito mejor&#8217;<\/b><\/em>, finaliz\u00f3 el edil.\u00a0<\/span><\/p>\n<h5><span style=\"color: #000000;\">\u2022C.F.<\/span><\/h5>\n","protected":false},"excerpt":{"rendered":"<p>En estos primeros seis meses del a\u00f1o el combustible ha sufrido aumentos y General Alvear junto con otros departamentos pagan entre &#8230;<\/p>\n","protected":false},"author":7,"featured_media":81105,"comment_status":"open","ping_status":"open","sticky":false,"template":"","format":"standard","meta":{"footnotes":""},"categories":[5,26],"tags":[],"class_list":["post-91840","post","type-post","status-publish","format-standard","has-post-thumbnail","hentry","category-actualidad","category-hcd"],"_links":{"self":[{"href":"https:\/\/vinasfm.com\/noticias\/wp-json\/wp\/v2\/posts\/91840","targetHints":{"allow":["GET"]}}],"collection":[{"href":"https:\/\/vinasfm.com\/noticias\/wp-json\/wp\/v2\/posts"}],"about":[{"href":"https:\/\/vinasfm.com\/noticias\/wp-json\/wp\/v2\/types\/post"}],"author":[{"embeddable":true,"href":"https:\/\/vinasfm.com\/noticias\/wp-json\/wp\/v2\/users\/7"}],"replies":[{"embeddable":true,"href":"https:\/\/vinasfm.com\/noticias\/wp-json\/wp\/v2\/comments?post=91840"}],"version-history":[{"count":5,"href":"https:\/\/vinasfm.com\/noticias\/wp-json\/wp\/v2\/posts\/91840\/revisions"}],"predecessor-version":[{"id":91937,"href":"https:\/\/vinasfm.com\/noticias\/wp-json\/wp\/v2\/posts\/91840\/revisions\/91937"}],"wp:featuredmedia":[{"embeddable":true,"href":"https:\/\/vinasfm.com\/noticias\/wp-json\/wp\/v2\/media\/81105"}],"wp:attachment":[{"href":"https:\/\/vinasfm.com\/noticias\/wp-json\/wp\/v2\/media?parent=91840"}],"wp:term":[{"taxonomy":"category","embeddable":true,"href":"https:\/\/vinasfm.com\/noticias\/wp-json\/wp\/v2\/categories?post=91840"},{"taxonomy":"post_tag","embeddable":true,"href":"https:\/\/vinasfm.com\/noticias\/wp-json\/wp\/v2\/tags?post=91840"}],"curies":[{"name":"wp","href":"https:\/\/api.w.org\/{rel}","templated":true}]}}