{"id":91810,"date":"2021-06-16T23:55:56","date_gmt":"2021-06-17T02:55:56","guid":{"rendered":"http:\/\/vinasfm.com\/noticias\/?p=91810"},"modified":"2021-06-17T10:23:49","modified_gmt":"2021-06-17T13:23:49","slug":"el-municipio-sigue-facilitando-la-inscripcion-a-la-vacunacion-contra-el-covid-19","status":"publish","type":"post","link":"https:\/\/vinasfm.com\/noticias\/el-municipio-sigue-facilitando-la-inscripcion-a-la-vacunacion-contra-el-covid-19\/","title":{"rendered":"EL MUNICIPIO SIGUE FACILITANDO LA INSCRIPCI\u00d3N A LA VACUNACI\u00d3N CONTRA EL COVID-19"},"content":{"rendered":"<h4><span style=\"color: #000000;\"><strong>La Coordinadora de la Oficina de Municipio Saludable Anal\u00eda Garc\u00eda comunic\u00f3 los operativos de inscripci\u00f3n a vacuna Covid-19 en parajes alejados, programados para este jueves y viernes, y la Directora de Familia Nancy Vinnitchenko se refiri\u00f3 a los Operativos Puerta a Puerta para inscripci\u00f3n a vacunas Covid-19.<\/strong><\/span><\/h4>\n<p><span style=\"color: #000000;\">La <strong>Municipalidad de General Alvear<\/strong> y el <strong>\u00c1rea Departamental de Salud<\/strong> junto a las <strong>Delegaci\u00f3n de San Pedro del Atuel<\/strong> invitan a inscribirse para la vacunaci\u00f3n COVID, <strong>el jueves 17 de junio a las 9:00h, en el Centro de Salud de Cochic\u00f3<\/strong>. <\/span><\/p>\n<p><span style=\"color: #000000;\">Junto a la <strong>Delegaci\u00f3n de Bowen<\/strong> invitan a <strong>inscribirse el d\u00eda viernes 17 de junio a las 8:30h en la Escuela de La Mora<\/strong>; a las <strong>9:30h en el Centro de Salud de Canalejas<\/strong> y a las <strong>10:30h en el Centro de Salud de Corral de Lorca<\/strong>. <\/span><\/p>\n<p><span style=\"color: #000000;\">\u201c<strong><em>En principio vamos a inscribirlos para la vacunaci\u00f3n Covid para cuando lleguen las vacunas volver al terreno, para que ellos no deban desplazarse a la Ciudad departamental<\/em><\/strong>\u201d, destac\u00f3 <strong>Anal\u00eda Garc\u00eda<\/strong>.<\/span><\/p>\n<p><span style=\"color: #000000;\">Consultada, <strong>Vinnitchenko subray\u00f3 que hace diez d\u00edas est\u00e1n haciendo Operativos Puerta a Puerta en los barrios m\u00e1s alejados<\/strong>, con el objetivo de explicarle a los vecinos la importancia de la vacunaci\u00f3n Covid para poder inscribirlos. <\/span><\/p>\n<p><span style=\"color: #000000;\">\u201c<strong><em>El fin es federalizar cada servicio porque todos los vecinos tienen los mismos derechos. Actualmente, 30 personas se vienen inscribiendo por d\u00eda y vamos a tener m\u00e1s trabajo porque las personas mayores de 40 a\u00f1os sin enfermedad preexistente ya pueden inscribirse. Entre los inscriptos, ya hay personas que se han podido vacunar y hay personas con discapacidad que de otro modo no se hubieran podido inscribir<\/em><\/strong>\u201d, explic\u00f3 la funcionaria.<\/span><\/p>\n<p><span style=\"color: #000000;\">El cronograma del <strong>Operativo Puerta a Puerta incluye 30 barrios de Ciudad y distritos<\/strong> para facilitar la inscripci\u00f3n a quienes no pueden hacerlo por sus propios medios. <strong>Este mi\u00e9rcoles estar\u00e1n en Los Inmigrantes, Calle Pampa, La Santa Cruz, Rodr\u00edguez de 9 a 12h y por la tarde en Barrio El Matadero y Escuela Lagomaggiore.<\/strong><\/span><\/p>\n<h5><span style=\"color: #000000;\"><strong>\u2022F.B. (F.M. Vi\u00f1as<\/strong>).<\/span><\/h5>\n","protected":false},"excerpt":{"rendered":"<p>La Coordinadora de la Oficina de Municipio Saludable Anal\u00eda Garc\u00eda comunic\u00f3 los operativos de inscripci\u00f3n a vacuna Covid-19 en parajes alejados, &#8230;<\/p>\n","protected":false},"author":8,"featured_media":90696,"comment_status":"open","ping_status":"open","sticky":false,"template":"","format":"standard","meta":{"footnotes":""},"categories":[5,15],"tags":[],"class_list":["post-91810","post","type-post","status-publish","format-standard","has-post-thumbnail","hentry","category-actualidad","category-salud"],"_links":{"self":[{"href":"https:\/\/vinasfm.com\/noticias\/wp-json\/wp\/v2\/posts\/91810","targetHints":{"allow":["GET"]}}],"collection":[{"href":"https:\/\/vinasfm.com\/noticias\/wp-json\/wp\/v2\/posts"}],"about":[{"href":"https:\/\/vinasfm.com\/noticias\/wp-json\/wp\/v2\/types\/post"}],"author":[{"embeddable":true,"href":"https:\/\/vinasfm.com\/noticias\/wp-json\/wp\/v2\/users\/8"}],"replies":[{"embeddable":true,"href":"https:\/\/vinasfm.com\/noticias\/wp-json\/wp\/v2\/comments?post=91810"}],"version-history":[{"count":2,"href":"https:\/\/vinasfm.com\/noticias\/wp-json\/wp\/v2\/posts\/91810\/revisions"}],"predecessor-version":[{"id":91909,"href":"https:\/\/vinasfm.com\/noticias\/wp-json\/wp\/v2\/posts\/91810\/revisions\/91909"}],"wp:featuredmedia":[{"embeddable":true,"href":"https:\/\/vinasfm.com\/noticias\/wp-json\/wp\/v2\/media\/90696"}],"wp:attachment":[{"href":"https:\/\/vinasfm.com\/noticias\/wp-json\/wp\/v2\/media?parent=91810"}],"wp:term":[{"taxonomy":"category","embeddable":true,"href":"https:\/\/vinasfm.com\/noticias\/wp-json\/wp\/v2\/categories?post=91810"},{"taxonomy":"post_tag","embeddable":true,"href":"https:\/\/vinasfm.com\/noticias\/wp-json\/wp\/v2\/tags?post=91810"}],"curies":[{"name":"wp","href":"https:\/\/api.w.org\/{rel}","templated":true}]}}