{"id":91766,"date":"2021-06-16T10:29:48","date_gmt":"2021-06-16T13:29:48","guid":{"rendered":"http:\/\/vinasfm.com\/noticias\/?p=91766"},"modified":"2021-06-17T12:25:47","modified_gmt":"2021-06-17T15:25:47","slug":"el-bloque-ucr-entrego-a-natalio-mema-varios-proyectos-en-beneficio-de-los-alvearenses","status":"publish","type":"post","link":"https:\/\/vinasfm.com\/noticias\/el-bloque-ucr-entrego-a-natalio-mema-varios-proyectos-en-beneficio-de-los-alvearenses\/","title":{"rendered":"EL BLOQUE UCR ENTREG\u00d3 A NATALIO MEMA VARIOS PROYECTOS EN BENEFICIO DE LOS ALVEARENSES"},"content":{"rendered":"<h4><span style=\"color: #000000;\"><strong>Desde el bloque de la UCR entregaron al Subsecretario de Servicios P\u00fablicos de Mendoza\u00a0 Natalio Mema proyectos a realizar en General Alvear vinculados con la firma del convenio para inversiones de luminarias LED y Seguridad Vial.<\/strong><\/span><\/h4>\n<p><span style=\"color: #000000;\"><strong>Pablo Longo<\/strong> del bloque de la UCR en di\u00e1logo con <strong><em>F.M VI\u00d1AS, <\/em><\/strong>expres\u00f3:<strong><em> &#8216;Es muy importante contar con la visita de ellos y tener esas charlas para llevarles las realidades de nuestros departamentos, nuestras necesidades. Es importante poder contar con ellos y siempre con buena predisposici\u00f3n a solucionar los inconvenientes que tenemos&#8217;.<\/em><\/strong><\/span><\/p>\n<p><span style=\"color: #000000;\">Longo, quien forma parte de la comisi\u00f3n de obras y servicios en el HCD, manifest\u00f3: &#8216;<strong><em>Tenemos muchos pedidos de poder contar iluminaci\u00f3n en distintas arterias y la llegada de muchos asfaltos en distintos barrios. Tambi\u00e9n es necesario contar con m\u00e9todo de disminuci\u00f3n de velocidad&#8217;, <\/em><\/strong>explic\u00f3.<\/span><\/p>\n<p><span style=\"color: #000000;\">Se va trabajando en base a lo que funciona y da resultado en otros departamentos vecinos para implementar en la ciudad,<strong><em> &#8216;plante\u00e1bamos el tema de las mesetas es algo que yo vengo planteando hace un mont\u00f3n de tiempo viendo que por ah\u00ed no se utilizan tanto los viejos badenes o lomo de burro, hoy hay unas mesetas que producen ese efecto as\u00ed que es tambi\u00e9n de las cosas que pudimos hablar y nos recomendaba la manera que podemos encararlo y como poder hacerlo y seguramente con el secretario de obra y servicios p\u00fablicos tambi\u00e9n lo ha estado hablando porque es algo que venimos llevando en conjunto aqu\u00ed desde el Concejo, con la secretaria y ahora con los aportes de provincia que siempre son convenientes&#8217;, destac\u00f3 el edil.<\/em><\/strong><\/span><\/p>\n<p><span style=\"color: #000000;\">Natalio Mema lleg\u00f3 al departamento para la firma del convenio con gran inversi\u00f3n para adquirir luminarias led y seguridad vial,<strong><em>\u00a0 &#8216;muy agradecido con todo este plan de obras el\u00e9ctricas que beneficia zona rural, zona secano tanto a los productores del campo y de lo agr\u00edcola, creo que es importante porque es lo que m\u00e1s se ve en lo que es la zona c\u00e9ntrica son obras que hacen falta para seguir brindando un buen servicio, lo de m\u00e1s de $9 millones para el tema de luminarias LED, son muy importantes algo que venimos pelando hace un mont\u00f3n de tiempo buscando recursos tambi\u00e9n creo que es important\u00edsimo mencionar que general Alvear se priv\u00f3 de la posibilidad de acceder al cr\u00e9dito\u00a0 para la reconversi\u00f3n de luminarias&#8217;, se\u00f1al\u00f3.<\/em><\/strong><\/span><\/p>\n<p><span style=\"color: #000000;\"><em><strong>&#8216;Nosotros con Ignacio Castro ya nos venimos reuniendo, siempre nos gusta hacerlo parte. Si bien aqu\u00ed se tratan todos los pedidos las iniciativa de los concejales, Ignacio siempre tambi\u00e9n con buena predisposici\u00f3n se acerca por la comisi\u00f3n la idea ya hace un tiempo es ir nosotros decidiendo en junto con el ejecutivo cu\u00e1les son los lugares m\u00e1s urgentes, m\u00e1s necesarios y sean m\u00e1s beneficiosos haciendo este programa de m\u00e9todos de disminuci\u00f3n de velocidad hay lugares donde es m\u00e1s conveniente la tacha, hay lugares donde se est\u00e1 evaluando la posibilidad de hacer alguna rotonda&#8217;<\/strong><\/em>, se\u00f1al\u00f3 Longo respecto sobre al trabajo que se realiza en conjunto con la secretaria de Obras P\u00fablicas para realizar diferentes obras brindando mejoras en el departamento.\u00a0<\/span><\/p>\n<h5><span style=\"color: #000000;\">\u2022C.F.<\/span><\/h5>\n","protected":false},"excerpt":{"rendered":"<p>Desde el bloque de la UCR entregaron al Subsecretario de Servicios P\u00fablicos de Mendoza\u00a0 Natalio Mema proyectos a realizar en General &#8230;<\/p>\n","protected":false},"author":7,"featured_media":91849,"comment_status":"open","ping_status":"open","sticky":false,"template":"","format":"standard","meta":{"footnotes":""},"categories":[5,26],"tags":[],"class_list":["post-91766","post","type-post","status-publish","format-standard","has-post-thumbnail","hentry","category-actualidad","category-hcd"],"_links":{"self":[{"href":"https:\/\/vinasfm.com\/noticias\/wp-json\/wp\/v2\/posts\/91766","targetHints":{"allow":["GET"]}}],"collection":[{"href":"https:\/\/vinasfm.com\/noticias\/wp-json\/wp\/v2\/posts"}],"about":[{"href":"https:\/\/vinasfm.com\/noticias\/wp-json\/wp\/v2\/types\/post"}],"author":[{"embeddable":true,"href":"https:\/\/vinasfm.com\/noticias\/wp-json\/wp\/v2\/users\/7"}],"replies":[{"embeddable":true,"href":"https:\/\/vinasfm.com\/noticias\/wp-json\/wp\/v2\/comments?post=91766"}],"version-history":[{"count":9,"href":"https:\/\/vinasfm.com\/noticias\/wp-json\/wp\/v2\/posts\/91766\/revisions"}],"predecessor-version":[{"id":91939,"href":"https:\/\/vinasfm.com\/noticias\/wp-json\/wp\/v2\/posts\/91766\/revisions\/91939"}],"wp:featuredmedia":[{"embeddable":true,"href":"https:\/\/vinasfm.com\/noticias\/wp-json\/wp\/v2\/media\/91849"}],"wp:attachment":[{"href":"https:\/\/vinasfm.com\/noticias\/wp-json\/wp\/v2\/media?parent=91766"}],"wp:term":[{"taxonomy":"category","embeddable":true,"href":"https:\/\/vinasfm.com\/noticias\/wp-json\/wp\/v2\/categories?post=91766"},{"taxonomy":"post_tag","embeddable":true,"href":"https:\/\/vinasfm.com\/noticias\/wp-json\/wp\/v2\/tags?post=91766"}],"curies":[{"name":"wp","href":"https:\/\/api.w.org\/{rel}","templated":true}]}}