{"id":91714,"date":"2021-06-16T11:30:35","date_gmt":"2021-06-16T14:30:35","guid":{"rendered":"http:\/\/vinasfm.com\/noticias\/?p=91714"},"modified":"2021-06-17T10:33:21","modified_gmt":"2021-06-17T13:33:21","slug":"mariano-varela-destaco-las-ventajas-de-las-plataformas-virtuales-para-la-emision-de-licencias-de-conducir","status":"publish","type":"post","link":"https:\/\/vinasfm.com\/noticias\/mariano-varela-destaco-las-ventajas-de-las-plataformas-virtuales-para-la-emision-de-licencias-de-conducir\/","title":{"rendered":"VENTAJAS DE LAS PLATAFORMAS VIRTUALES PARA LA EMISI\u00d3N DE LICENCIAS DE CONDUCIR"},"content":{"rendered":"<h3><strong><span style=\"color: #000000;\">El Delegado de Alvear Oeste hizo un balance positivo sobre la aplicaci\u00f3n de la turnera digital y los cursos virtuales, pese a que no ha sido sencilla la adaptaci\u00f3n por parte del personal y de la sociedad.<\/span><\/strong><\/h3>\n<h4><strong><span style=\"color: #000000;\">El Delegado Mariano Varela analiz\u00f3 en di\u00e1logo con F.M. VI\u00d1AS el funcionamiento de la transici\u00f3n al trabajo digital en las \u00faltimas semanas: <em>\u00abHemos trabajado con todo el equipo de Licencias de Conducir en conjunto con la Direcci\u00f3n de Comunicaci\u00f3n para que podamos mutar de la presencialidad hacia la virtualidad, m\u00e1s all\u00e1 de que seguimos de que lo seguimos haciendo de forma paralela\u00bb.<\/em><\/span><\/strong><\/h4>\n<h4><strong><span style=\"color: #000000;\">Como consecuencia de este avance, resalt\u00f3: <em>\u00abLa idea es que las personas tengan menor acercamiento al Centro de Licencia para que el tr\u00e1mite sea r\u00e1pido y no est\u00e9n tanto tiempo ac\u00e1 juntas. Adem\u00e1s los turnos se dan cada media hora, porque todo es para contribuir a evitar el contagio de coronavirus\u00bb<\/em>. Con esta idea en mente, contin\u00faan con las tareas para darle mayores condiciones de seguridad a la comunidad.<\/span><\/strong><\/h4>\n<h4><strong><span style=\"color: #000000;\">En contrapartida, asegur\u00f3 que no ha sido tan sencilla la aplicaci\u00f3n de los nuevos sistemas. <em>\u00abTodos los d\u00edas hay que ir trabajando sobre la turnera online, porque a veces tiene algunos errores. En el curso (online) no, porque es algo preestablecido de la Naci\u00f3n. Lo que s\u00ed pasa es que hay temas que no dan en el curso como por ejemplo las estrellas amarillas, y en ese caso tenemos material digital y fotocopias que la gente puede llevarse y sacar en cualquier fotocopiadora\u00bb, explic\u00f3 Varela.<\/em><\/span><\/strong><\/h4>\n<h4><strong><span style=\"color: #000000;\">Pese a estos obst\u00e1culos, afirm\u00f3: <em>\u00abEsto de la turnera y el curso online lleva tiempo de adaptaci\u00f3n pero vamos a seguir insistiendo porque necesitamos hacerlo. Es un reclamo por parte de los usuarios y porque debemos contribuir con la situaci\u00f3n que vivimos por la pandemia, por eso no tiene que haber aglomeraci\u00f3n de gente\u00bb.<\/em><\/span><\/strong><\/h4>\n<p><strong><span style=\"color: #000000;\">\u2022L.A.<\/span><\/strong><\/p>\n","protected":false},"excerpt":{"rendered":"<p>El Delegado de Alvear Oeste hizo un balance positivo sobre la aplicaci\u00f3n de la turnera digital y los cursos virtuales, pese &#8230;<\/p>\n","protected":false},"author":7,"featured_media":69627,"comment_status":"open","ping_status":"open","sticky":false,"template":"","format":"standard","meta":{"footnotes":""},"categories":[5,10],"tags":[],"class_list":["post-91714","post","type-post","status-publish","format-standard","has-post-thumbnail","hentry","category-actualidad","category-destacadas"],"_links":{"self":[{"href":"https:\/\/vinasfm.com\/noticias\/wp-json\/wp\/v2\/posts\/91714","targetHints":{"allow":["GET"]}}],"collection":[{"href":"https:\/\/vinasfm.com\/noticias\/wp-json\/wp\/v2\/posts"}],"about":[{"href":"https:\/\/vinasfm.com\/noticias\/wp-json\/wp\/v2\/types\/post"}],"author":[{"embeddable":true,"href":"https:\/\/vinasfm.com\/noticias\/wp-json\/wp\/v2\/users\/7"}],"replies":[{"embeddable":true,"href":"https:\/\/vinasfm.com\/noticias\/wp-json\/wp\/v2\/comments?post=91714"}],"version-history":[{"count":7,"href":"https:\/\/vinasfm.com\/noticias\/wp-json\/wp\/v2\/posts\/91714\/revisions"}],"predecessor-version":[{"id":91919,"href":"https:\/\/vinasfm.com\/noticias\/wp-json\/wp\/v2\/posts\/91714\/revisions\/91919"}],"wp:featuredmedia":[{"embeddable":true,"href":"https:\/\/vinasfm.com\/noticias\/wp-json\/wp\/v2\/media\/69627"}],"wp:attachment":[{"href":"https:\/\/vinasfm.com\/noticias\/wp-json\/wp\/v2\/media?parent=91714"}],"wp:term":[{"taxonomy":"category","embeddable":true,"href":"https:\/\/vinasfm.com\/noticias\/wp-json\/wp\/v2\/categories?post=91714"},{"taxonomy":"post_tag","embeddable":true,"href":"https:\/\/vinasfm.com\/noticias\/wp-json\/wp\/v2\/tags?post=91714"}],"curies":[{"name":"wp","href":"https:\/\/api.w.org\/{rel}","templated":true}]}}