{"id":91709,"date":"2021-06-15T12:30:26","date_gmt":"2021-06-15T15:30:26","guid":{"rendered":"http:\/\/vinasfm.com\/noticias\/?p=91709"},"modified":"2021-06-15T12:38:25","modified_gmt":"2021-06-15T15:38:25","slug":"la-policia-y-personal-de-la-camaras-de-seguridad-continuan-trabajando-en-la-prevencion-de-delitos","status":"publish","type":"post","link":"https:\/\/vinasfm.com\/noticias\/la-policia-y-personal-de-la-camaras-de-seguridad-continuan-trabajando-en-la-prevencion-de-delitos\/","title":{"rendered":"LA POLIC\u00cdA Y PERSONAL DE LA C\u00c1MARAS DE SEGURIDAD CONTIN\u00daAN TRABAJANDO EN LA PREVENCI\u00d3N DE DELITOS"},"content":{"rendered":"<h4><span style=\"color: #000000;\"><strong>Este fin de semana se realizaron los operativos diarios que realiza el personal de la polic\u00eda en conjunto con el personal de c\u00e1maras de seguridad, donde hubieron personas aprendidas por distintos hechos y desde la comisaria 14\u00ba sigue trabajando en la investigaci\u00f3n de distintos delitos.<\/strong><\/span><\/h4>\n<p><span style=\"color: #000000;\">En di\u00e1logo con <strong>F.M. VI\u00d1AS<\/strong>, el <strong>Subcomisario Jos\u00e9 L\u00f3pez<\/strong> expres\u00f3<em>: <\/em><strong><em>&#8216;En total son 20 personas las detenidas el fin de semana de los cuales 15 fueron por antecedentes solamente entraron estuvieron un rato y se le averiguaron los antecedentes y se retiraron y otras personas estuvieron procesados por el art\u00edculo 205, tres personas que andaban en la v\u00eda publica en horario que no deb\u00edan andar y otros 2 por consumo de alcohol si bien estaban en estado de ebriedad en la v\u00eda publica&#8217;.<\/em><\/strong><\/span><\/p>\n<p><span style=\"color: #000000;\">El personal de c\u00e1mara de seguridad contin\u00faa trabajando y desde ah\u00ed se informa al personal policial, <em><b>&#8216;este \u00faltimo fue trabajo de las c\u00e1maras, las dos personas en estado en ebriedad, y mucho de las personas que han tra\u00eddo por averiguaci\u00f3n de antecedente tambi\u00e9n es el trabajo que hace el personal de c\u00e1mara de ac\u00e1 que es muy fino a la hora de ver situaciones o en que condiciones andan algunos ciudadanos en la v\u00eda\u00a0p\u00fablica&#8217;,<\/b><\/em> destac\u00f3.<\/span><\/p>\n<p><span style=\"color: #000000;\">El robo de bicicletas en el departamento contin\u00faa y hay un mercado que compra robado y es lo que se debe evitar, <strong><em>&#8216;hay un mercado se han hecho muchos trabajo, tenemos varias bicicletas detenidas o secuestradas en alguno allanamientos, algunas personas por ah\u00ed no se arriman a preguntar pero se pueden arrimar a la comisaria para ver si la bicicleta que denunciaron en cierto momento la tenemos en calidad de secuestro y si la reconocen presentaran la documentaci\u00f3n o alguna situaci\u00f3n que le pida la justicia para poder reintegrar&#8217;, subray\u00f3 sobre est\u00e1 l\u00ednea.<\/em><\/strong><\/span><\/p>\n<p><span style=\"color: #000000;\">Las v\u00edctimas acceden a ponerse en contacto con los delincuentes y pagar por sus bienes en la misma desesperaci\u00f3n de recuperar lo que les pertenece,<em><b> &#8216;por ah\u00ed la persona por recuperar su bien es capaz de pagar pero si le seguimos de pagando al delincuente\u00a0por lo que se robaron no es lo que corresponde, hay que tratar de contactar a la polic\u00eda para tratar de resolver el hecho&#8217;, destac\u00f3 al finalizar el Subcomisario Jos\u00e9 L\u00f3pez.<\/b><\/em><\/span><\/p>\n<h5><span style=\"color: #000000;\">\u2022C.F. (F.M. Vi\u00f1as).<\/span><\/h5>\n","protected":false},"excerpt":{"rendered":"<p>Este fin de semana se realizaron los operativos diarios que realiza el personal de la polic\u00eda en conjunto con el personal &#8230;<\/p>\n","protected":false},"author":7,"featured_media":82993,"comment_status":"open","ping_status":"open","sticky":false,"template":"","format":"standard","meta":{"footnotes":""},"categories":[5,4],"tags":[],"class_list":["post-91709","post","type-post","status-publish","format-standard","has-post-thumbnail","hentry","category-actualidad","category-policiales"],"_links":{"self":[{"href":"https:\/\/vinasfm.com\/noticias\/wp-json\/wp\/v2\/posts\/91709","targetHints":{"allow":["GET"]}}],"collection":[{"href":"https:\/\/vinasfm.com\/noticias\/wp-json\/wp\/v2\/posts"}],"about":[{"href":"https:\/\/vinasfm.com\/noticias\/wp-json\/wp\/v2\/types\/post"}],"author":[{"embeddable":true,"href":"https:\/\/vinasfm.com\/noticias\/wp-json\/wp\/v2\/users\/7"}],"replies":[{"embeddable":true,"href":"https:\/\/vinasfm.com\/noticias\/wp-json\/wp\/v2\/comments?post=91709"}],"version-history":[{"count":6,"href":"https:\/\/vinasfm.com\/noticias\/wp-json\/wp\/v2\/posts\/91709\/revisions"}],"predecessor-version":[{"id":91751,"href":"https:\/\/vinasfm.com\/noticias\/wp-json\/wp\/v2\/posts\/91709\/revisions\/91751"}],"wp:featuredmedia":[{"embeddable":true,"href":"https:\/\/vinasfm.com\/noticias\/wp-json\/wp\/v2\/media\/82993"}],"wp:attachment":[{"href":"https:\/\/vinasfm.com\/noticias\/wp-json\/wp\/v2\/media?parent=91709"}],"wp:term":[{"taxonomy":"category","embeddable":true,"href":"https:\/\/vinasfm.com\/noticias\/wp-json\/wp\/v2\/categories?post=91709"},{"taxonomy":"post_tag","embeddable":true,"href":"https:\/\/vinasfm.com\/noticias\/wp-json\/wp\/v2\/tags?post=91709"}],"curies":[{"name":"wp","href":"https:\/\/api.w.org\/{rel}","templated":true}]}}