{"id":91638,"date":"2021-06-15T09:01:40","date_gmt":"2021-06-15T12:01:40","guid":{"rendered":"http:\/\/vinasfm.com\/noticias\/?p=91638"},"modified":"2021-06-15T12:23:44","modified_gmt":"2021-06-15T15:23:44","slug":"la-diputada-marisa-uceda-celebro-los-consensos-para-dar-media-sancion-al-proyecto-zona-fria","status":"publish","type":"post","link":"https:\/\/vinasfm.com\/noticias\/la-diputada-marisa-uceda-celebro-los-consensos-para-dar-media-sancion-al-proyecto-zona-fria\/","title":{"rendered":"LA DIPUTADA MARISA UCEDA CELEBR\u00d3 LOS CONSENSOS PARA DAR MEDIA SANCI\u00d3N AL PROYECTO &#8216;ZONA FR\u00cdA&#8217;"},"content":{"rendered":"<h3><span style=\"color: #000000;\"><strong>El pasado jueves, la C\u00e1mara de Diputados de la Naci\u00f3n dio media sanci\u00f3n al proyecto que declara &#8216;Zona Fr\u00eda&#8217; en la tarifa de gas a diversas zonas del pa\u00eds, entre las cuales ingresan todos los municipios de nuestra provincia. Con este proyecto de Ley, que fue girado al Senado para revisi\u00f3n, permitir\u00e1 la ampliaci\u00f3n del r\u00e9gimen de tarifa diferenciada reduciendo el 30% en todas las comunas mendocinas y 50% en Malarg\u00fce que continuar\u00e1 aplicando la denominada &#8216;tarifa patag\u00f3nica&#8217;.<\/strong><\/span><\/h3>\n<h4><span style=\"color: #000000;\"><strong>La iniciativa que alcanz\u00f3 190 votos afirmativos, 16 negativos y 43 abstenciones\u00a0fue celebrada por el bloque Frente de Todos que present\u00f3 el proyecto en la C\u00e1mara Baja. Al respecto se refiri\u00f3 en di\u00e1logo con F.M. VI\u00d1AS la Diputada Nacional por Mendoza Marisa Uceda detallando las particularidades de la votaci\u00f3n: &#8216;<em>Este logro fue gracias al consenso entre los distintos sectores que representan a todas las provincias ya que algunos legisladores quer\u00edan incorporar al beneficio a sus provincias<\/em>&#8216;, explic\u00f3, y en la misma l\u00ednea destac\u00f3 que Mendoza es la \u00fanica en el pa\u00eds cuyo beneficio alcanzar\u00e1 a los 18 municipios.<\/strong><\/span><\/h4>\n<h4><span style=\"color: #000000;\"><strong><a style=\"color: #000000;\" href=\"http:\/\/vinasfm.com\/noticias\/wp-content\/uploads\/2021\/06\/E3j8171XMAAGVDf.jpg\"><img loading=\"lazy\" decoding=\"async\" class=\" wp-image-91647 aligncenter\" src=\"http:\/\/vinasfm.com\/noticias\/wp-content\/uploads\/2021\/06\/E3j8171XMAAGVDf.jpg\" alt=\"\" width=\"655\" height=\"368\" srcset=\"https:\/\/vinasfm.com\/noticias\/wp-content\/uploads\/2021\/06\/E3j8171XMAAGVDf.jpg 1024w, https:\/\/vinasfm.com\/noticias\/wp-content\/uploads\/2021\/06\/E3j8171XMAAGVDf-300x169.jpg 300w, https:\/\/vinasfm.com\/noticias\/wp-content\/uploads\/2021\/06\/E3j8171XMAAGVDf-768x432.jpg 768w, https:\/\/vinasfm.com\/noticias\/wp-content\/uploads\/2021\/06\/E3j8171XMAAGVDf-750x420.jpg 750w\" sizes=\"auto, (max-width: 655px) 100vw, 655px\" \/><\/a><\/strong><\/span><\/h4>\n<h4><span style=\"color: #000000;\"><strong>&#8216;<em>El 50% de disminuci\u00f3n es para beneficiarios\u00a0de la Asignaci\u00f3n Universal por Hijo (AUH), Asignaci\u00f3n por Embarazo, pensiones no contributivas y jubilados\u00a0(hasta 4 salarios m\u00ednimos), del\u00a0monotributo social, usuarios que perciben\u00a0seguro de desempleo\u00a0y\u00a0<\/em><em>empleados de casas particulares<\/em>&#8216;, indic\u00f3 la legisladora.<\/strong><\/span><\/h4>\n<h4><span style=\"color: #000000;\"><strong>Tambi\u00e9n podr\u00e1n acceder a este beneficio quienes est\u00e9n\u00a0exentos en el pago de ABL o tributos locales\u00a0de igual naturaleza o los que tengan una pensi\u00f3n vitalicia como\u00a0veteranos\u00a0de Guerra de Malvinas. Respecto del resto de los usuarios residenciales, la tarifa diferencial implicar\u00e1 una disminuci\u00f3n del\u00a030% de la factura de gas correspondiente.<\/strong><\/span><\/h4>\n<h4><span style=\"color: #000000;\"><strong>Consultada Uceda sobre el n\u00famero aproximado de familias mendocinas beneficiadas por la tarifa diferenciada en la factura de gas con reducci\u00f3n del 50% consider\u00f3 que ser\u00e1n 60 mil mendocinos y el 30% alcanzar\u00e1 a a cerca de 350 mil familias.<\/strong><\/span><\/h4>\n<h4><span style=\"color: #000000;\"><strong>Asimismo se refiri\u00f3 al viejo reclamo de determinar como servicio p\u00fablico al gas envasado: &#8216;<em>El proyecto contempla el gas envasado y en Senadores se dar\u00e1 la pelea fuerte por intentar hacerlo efectivo para que los beneficios tambien las incluyan&#8217;.<\/em><\/strong><\/span><\/h4>\n<h4><strong><span style=\"color: #000000;\"><span style=\"color: #000000;\">Finalmente declar\u00f3 que en la votaci\u00f3n en Diputados &#8216;<\/span><em style=\"font-weight: bold;\">desde<\/em> <em><span style=\"color: #000000;\">el bloque opositor de Juntos por el Cambio no iban a votar a favor del proyecto pero tuvieron que cambiar su conducta y votar favorablemente\u00a0en\u00a0general porque es un beneficio que alcanzar\u00e1 a miles de mendocinos. En particular, votaron en contra solamente del articulo 8<\/span><\/em><span style=\"color: #000000;\">&#8216;.<\/span><\/span><\/strong><\/h4>\n<h4><span style=\"color: #000000;\"><strong>\u2022F.B. (F.M. Vi\u00f1as).<\/strong><\/span><\/h4>\n","protected":false},"excerpt":{"rendered":"<p>El pasado jueves, la C\u00e1mara de Diputados de la Naci\u00f3n dio media sanci\u00f3n al proyecto que declara &#8216;Zona Fr\u00eda&#8217; en la &#8230;<\/p>\n","protected":false},"author":8,"featured_media":89550,"comment_status":"open","ping_status":"open","sticky":false,"template":"","format":"standard","meta":{"footnotes":""},"categories":[5,10],"tags":[],"class_list":["post-91638","post","type-post","status-publish","format-standard","has-post-thumbnail","hentry","category-actualidad","category-destacadas"],"_links":{"self":[{"href":"https:\/\/vinasfm.com\/noticias\/wp-json\/wp\/v2\/posts\/91638","targetHints":{"allow":["GET"]}}],"collection":[{"href":"https:\/\/vinasfm.com\/noticias\/wp-json\/wp\/v2\/posts"}],"about":[{"href":"https:\/\/vinasfm.com\/noticias\/wp-json\/wp\/v2\/types\/post"}],"author":[{"embeddable":true,"href":"https:\/\/vinasfm.com\/noticias\/wp-json\/wp\/v2\/users\/8"}],"replies":[{"embeddable":true,"href":"https:\/\/vinasfm.com\/noticias\/wp-json\/wp\/v2\/comments?post=91638"}],"version-history":[{"count":8,"href":"https:\/\/vinasfm.com\/noticias\/wp-json\/wp\/v2\/posts\/91638\/revisions"}],"predecessor-version":[{"id":91705,"href":"https:\/\/vinasfm.com\/noticias\/wp-json\/wp\/v2\/posts\/91638\/revisions\/91705"}],"wp:featuredmedia":[{"embeddable":true,"href":"https:\/\/vinasfm.com\/noticias\/wp-json\/wp\/v2\/media\/89550"}],"wp:attachment":[{"href":"https:\/\/vinasfm.com\/noticias\/wp-json\/wp\/v2\/media?parent=91638"}],"wp:term":[{"taxonomy":"category","embeddable":true,"href":"https:\/\/vinasfm.com\/noticias\/wp-json\/wp\/v2\/categories?post=91638"},{"taxonomy":"post_tag","embeddable":true,"href":"https:\/\/vinasfm.com\/noticias\/wp-json\/wp\/v2\/tags?post=91638"}],"curies":[{"name":"wp","href":"https:\/\/api.w.org\/{rel}","templated":true}]}}