{"id":91583,"date":"2021-06-14T08:00:28","date_gmt":"2021-06-14T11:00:28","guid":{"rendered":"http:\/\/vinasfm.com\/noticias\/?p=91583"},"modified":"2021-06-14T08:57:02","modified_gmt":"2021-06-14T11:57:02","slug":"el-ipv-suma-facilidades-de-gestion-para-sus-adjudicatarios","status":"publish","type":"post","link":"https:\/\/vinasfm.com\/noticias\/el-ipv-suma-facilidades-de-gestion-para-sus-adjudicatarios\/","title":{"rendered":"EL IPV SUMA FACILIDADES DE GESTI\u00d3N PARA SUS ADJUDICATARIOS"},"content":{"rendered":"<div class=\"container\">\n<div class=\"row\">\n<article class=\"content_format col-md-8 col-md-offset-2\">\n<div class=\"the_content\">\n<h4><strong><span style=\"color: #000000;\">El Instituto Provincial de la Vivienda agiliza sus tr\u00e1mites a trav\u00e9s de su portal de Autogesti\u00f3n. Este sistema permite a los adjudicatarios acceder a toda la informaci\u00f3n relacionada a su cr\u00e9dito, y ahora suma nuevas alternativas para facilitar el pago de cuotas y gestionar otros tr\u00e1mites.<\/span><\/strong><\/h4>\n<p><span style=\"color: #000000;\">Se puede acceder a esta plataforma desde la p\u00e1gina web<\/span>\u00a0<a href=\"http:\/\/www.ipvmendoza.gov.ar\/\">www.ipvmendoza.gov.ar<\/a>\u00a0<span style=\"color: #000000;\">y tambi\u00e9n descargando en el tel\u00e9fono la aplicaci\u00f3n <strong>IPVMendoza<\/strong> y, de esta manera, los usuarios registrarse con un correo electr\u00f3nico y el c\u00f3digo de adjudicatario que figura en las boletas de cobro de las cuotas.<\/span><\/p>\n<p><span style=\"color: #000000;\">Una vez registrados, desde la secci\u00f3n <strong><em>Mi Cr\u00e9dito<\/em><\/strong>, se podr\u00e1n realizar tr\u00e1mites que anteriormente se efectuaban presencialmente.<\/span><\/p>\n<p><span style=\"color: #000000;\">Dependiendo de la situaci\u00f3n de cada adjudicatario, ahora el sistema les permitir\u00e1 solicitar el certificado de cancelaci\u00f3n de la vivienda, refinanciar su deuda o solicitar el cambio de plan de <strong>Unidad de Valor Adquisitivo (UVA)<\/strong> a <strong>Coeficiente de Variaci\u00f3n Salarial (CVS)<\/strong>, entre otras alternativas.<\/span><\/p>\n<p><span style=\"color: #000000;\">La intenci\u00f3n de incorporar esta nueva herramienta es que el p\u00fablico pueda tener un mayor control de su cr\u00e9dito y pagar las cuotas o generar un plan de pago para su mora, de acuerdo a sus posibilidades.<\/span><\/p>\n<p><span style=\"color: #000000;\">Los tr\u00e1mites se pueden realizar f\u00e1cilmente y se han desarrollado diversos tutoriales para guiar al usuario.<\/span><\/p>\n<p><span style=\"color: #000000;\">Finalmente, el adjudicatario recibir\u00e1 en su cuenta de correo los avances que se realicen en el tr\u00e1mite que inici\u00f3 hasta que se finalice el mismo, que puede demorar entre 1 y 7 d\u00edas, seg\u00fan lo que se gestion\u00f3.<\/span><\/p>\n<p><span style=\"color: #000000;\">Asimismo, a trav\u00e9s de <strong>Autogesti\u00f3n<\/strong>, se puede hacer un seguimiento de las cuotas pagadas y adeudadas y, seleccionar las que se deseen abonar para generar el correspondiente boleto, que podr\u00e1 pagarse on line, desde la plataforma de <strong>Epagos<\/strong>, o descargando el boleto para abonarlo por los canales de cobro habilitados.<\/span><\/p>\n<p><span style=\"color: #000000;\">Esta herramienta, adem\u00e1s de fomentar la participaci\u00f3n del ciudadano, facilita la realizaci\u00f3n de los tr\u00e1mites m\u00e1s habituales sin l\u00edmite de horarios y sin la necesidad de trasladarse a la sede del IPV o sus centros de atenci\u00f3n municipales.<\/span><\/p>\n<p><span style=\"color: #000000;\"><a style=\"color: #000000;\" href=\"https:\/\/www.mendoza.gov.ar\/wp-content\/uploads\/sites\/5\/2021\/06\/Nuevos-canales-de-autogestion-2.png\"><img decoding=\"async\" class=\"wp-image-273413 img-responsive center-block aligncenter\" src=\"https:\/\/www.mendoza.gov.ar\/wp-content\/uploads\/sites\/5\/2021\/06\/Nuevos-canales-de-autogestion-2-700x512.png\" alt=\"\" data-id=\"273413\" data-full-url=\"https:\/\/www.mendoza.gov.ar\/wp-content\/uploads\/sites\/5\/2021\/06\/Nuevos-canales-de-autogestion-2.png\" data-link=\"https:\/\/www.mendoza.gov.ar\/prensa\/?attachment_id=273413\" \/><\/a><\/span><\/p>\n<\/div>\n<\/article>\n<\/div>\n<\/div>\n<footer class=\"background-negro new-theme-footer\">\n<div class=\"\">\n<div class=\"container\">\n<h5 class=\"titulo-b451\" style=\"text-align: left;\" align=\"center\">\u2022F.B.<\/h5>\n<div class=\"col-md-3 col-sm-12 col-xs-12 content contacto\"><\/div>\n<\/div>\n<\/div>\n<\/footer>\n","protected":false},"excerpt":{"rendered":"<p>El Instituto Provincial de la Vivienda agiliza sus tr\u00e1mites a trav\u00e9s de su portal de Autogesti\u00f3n. Este sistema permite a los &#8230;<\/p>\n","protected":false},"author":8,"featured_media":91584,"comment_status":"open","ping_status":"open","sticky":false,"template":"","format":"standard","meta":{"footnotes":""},"categories":[5,67],"tags":[],"class_list":["post-91583","post","type-post","status-publish","format-standard","has-post-thumbnail","hentry","category-actualidad","category-ipv"],"_links":{"self":[{"href":"https:\/\/vinasfm.com\/noticias\/wp-json\/wp\/v2\/posts\/91583","targetHints":{"allow":["GET"]}}],"collection":[{"href":"https:\/\/vinasfm.com\/noticias\/wp-json\/wp\/v2\/posts"}],"about":[{"href":"https:\/\/vinasfm.com\/noticias\/wp-json\/wp\/v2\/types\/post"}],"author":[{"embeddable":true,"href":"https:\/\/vinasfm.com\/noticias\/wp-json\/wp\/v2\/users\/8"}],"replies":[{"embeddable":true,"href":"https:\/\/vinasfm.com\/noticias\/wp-json\/wp\/v2\/comments?post=91583"}],"version-history":[{"count":2,"href":"https:\/\/vinasfm.com\/noticias\/wp-json\/wp\/v2\/posts\/91583\/revisions"}],"predecessor-version":[{"id":91618,"href":"https:\/\/vinasfm.com\/noticias\/wp-json\/wp\/v2\/posts\/91583\/revisions\/91618"}],"wp:featuredmedia":[{"embeddable":true,"href":"https:\/\/vinasfm.com\/noticias\/wp-json\/wp\/v2\/media\/91584"}],"wp:attachment":[{"href":"https:\/\/vinasfm.com\/noticias\/wp-json\/wp\/v2\/media?parent=91583"}],"wp:term":[{"taxonomy":"category","embeddable":true,"href":"https:\/\/vinasfm.com\/noticias\/wp-json\/wp\/v2\/categories?post=91583"},{"taxonomy":"post_tag","embeddable":true,"href":"https:\/\/vinasfm.com\/noticias\/wp-json\/wp\/v2\/tags?post=91583"}],"curies":[{"name":"wp","href":"https:\/\/api.w.org\/{rel}","templated":true}]}}