{"id":91493,"date":"2021-06-11T10:00:56","date_gmt":"2021-06-11T13:00:56","guid":{"rendered":"http:\/\/vinasfm.com\/noticias\/?p=91493"},"modified":"2021-06-11T10:56:03","modified_gmt":"2021-06-11T13:56:03","slug":"tiempo-frio-este-finde-usamos-guantes-y-bufandas","status":"publish","type":"post","link":"https:\/\/vinasfm.com\/noticias\/tiempo-frio-este-finde-usamos-guantes-y-bufandas\/","title":{"rendered":"PRON\u00d3STICO: SE VIENE UN &#8216;FINDE&#8217; CON BAJAS TEMPERATURAS"},"content":{"rendered":"<h4><span style=\"color: #000000;\"><strong>Estamos a d\u00edas a la llegada de la estaci\u00f3n m\u00e1s fr\u00eda del a\u00f1o, se esperan heladas para est\u00e9 fin de semana, con vientos leves y cielo con algo de nubosidad, no tendremos temperaturas no superan las 22\u00baC y m\u00ednimas que rozan los 3\u00baC.<\/strong><\/span><\/h4>\n<p><span style=\"color: #000000;\">Para <em><strong>hoy<\/strong> <strong>viernes<\/strong><\/em>, cielo parcialmente nublado con heladas a primera hora de la ma\u00f1ana y vientos leves del noreste, la temperatura <em><strong>m\u00e1ximas<\/strong> <\/em>de <strong><em>18\u00baC<\/em> <\/strong>y una <em><strong>m\u00ednima <\/strong><\/em>de <strong><em>3\u00baC<\/em><\/strong>.<\/span><\/p>\n<p><span style=\"color: #000000;\"><em><strong>Ma\u00f1ana<\/strong> <strong>s\u00e1bado<\/strong><\/em>, con leve ascenso de la temperatura, vientos leves del noreste y heladas parciales por la ma\u00f1ana. Una <em><strong>m\u00e1xima<\/strong> <\/em>de <em><strong>19\u00baC<\/strong> <\/em>y un <strong><em>m\u00ednima <\/em><\/strong>de <strong><em>4\u00baC<\/em><\/strong>.<\/span><\/p>\n<p><span style=\"color: #000000;\">Para el <em><strong>domingo<\/strong><\/em>, ascenso de la temperatura y vientos moderados del sudeste por horas de la tarde, se espera una <strong><em>m\u00e1xima <\/em><\/strong>de <em><strong>22\u00baC<\/strong> <\/em>y una <em><strong>m\u00ednima <\/strong><\/em>de <strong><em>5\u00baC<\/em><\/strong>.<\/span><\/p>\n<h5><span style=\"color: #000000;\">\u2022C.F.<\/span><\/h5>\n","protected":false},"excerpt":{"rendered":"<p>Estamos a d\u00edas a la llegada de la estaci\u00f3n m\u00e1s fr\u00eda del a\u00f1o, se esperan heladas para est\u00e9 fin de semana, &#8230;<\/p>\n","protected":false},"author":7,"featured_media":43538,"comment_status":"open","ping_status":"open","sticky":false,"template":"","format":"standard","meta":{"footnotes":""},"categories":[5,36],"tags":[],"class_list":["post-91493","post","type-post","status-publish","format-standard","has-post-thumbnail","hentry","category-actualidad","category-pronostico"],"_links":{"self":[{"href":"https:\/\/vinasfm.com\/noticias\/wp-json\/wp\/v2\/posts\/91493","targetHints":{"allow":["GET"]}}],"collection":[{"href":"https:\/\/vinasfm.com\/noticias\/wp-json\/wp\/v2\/posts"}],"about":[{"href":"https:\/\/vinasfm.com\/noticias\/wp-json\/wp\/v2\/types\/post"}],"author":[{"embeddable":true,"href":"https:\/\/vinasfm.com\/noticias\/wp-json\/wp\/v2\/users\/7"}],"replies":[{"embeddable":true,"href":"https:\/\/vinasfm.com\/noticias\/wp-json\/wp\/v2\/comments?post=91493"}],"version-history":[{"count":7,"href":"https:\/\/vinasfm.com\/noticias\/wp-json\/wp\/v2\/posts\/91493\/revisions"}],"predecessor-version":[{"id":91525,"href":"https:\/\/vinasfm.com\/noticias\/wp-json\/wp\/v2\/posts\/91493\/revisions\/91525"}],"wp:featuredmedia":[{"embeddable":true,"href":"https:\/\/vinasfm.com\/noticias\/wp-json\/wp\/v2\/media\/43538"}],"wp:attachment":[{"href":"https:\/\/vinasfm.com\/noticias\/wp-json\/wp\/v2\/media?parent=91493"}],"wp:term":[{"taxonomy":"category","embeddable":true,"href":"https:\/\/vinasfm.com\/noticias\/wp-json\/wp\/v2\/categories?post=91493"},{"taxonomy":"post_tag","embeddable":true,"href":"https:\/\/vinasfm.com\/noticias\/wp-json\/wp\/v2\/tags?post=91493"}],"curies":[{"name":"wp","href":"https:\/\/api.w.org\/{rel}","templated":true}]}}