{"id":91237,"date":"2021-06-08T02:26:02","date_gmt":"2021-06-08T05:26:02","guid":{"rendered":"http:\/\/vinasfm.com\/noticias\/?p=91237"},"modified":"2021-06-08T12:22:05","modified_gmt":"2021-06-08T15:22:05","slug":"el-gobernador-suarez-y-el-cec-acordaron-vacunar-a-empleados-de-supermercados","status":"publish","type":"post","link":"https:\/\/vinasfm.com\/noticias\/el-gobernador-suarez-y-el-cec-acordaron-vacunar-a-empleados-de-supermercados\/","title":{"rendered":"EL GOBERNADOR SU\u00c1REZ Y EL CEC ACORDARON VACUNAR A EMPLEADOS DE SUPERMERCADOS"},"content":{"rendered":"<h4><span style=\"color: #000000;\"><strong>El acuerdo fue logrado tras las reuniones que mantuvo el Gobernador Rodolfo Suarez con el titular del Centro de Empleados de Comercio, Fernando Ligorria, para incluir en la vacunaci\u00f3n a los empleados de supermercados, repositores externos y personal de apoyo de los supermercados.<\/strong><\/span><\/h4>\n<p><span style=\"color: #000000;\">En Mendoza, <strong>el Gobierno provincial acord\u00f3 con el Centro de Empleados de Comercio (CEC)<\/strong> incluir a los empleados de supermercados en los grupos de personal esencial para que reciban la vacuna contra la COVID-19.<\/span><\/p>\n<p><span style=\"color: #000000;\">El acuerdo fue logrado tras las reuniones que mantuvo el Gobernador Rodolfo Suarez, acompa\u00f1ado por la ministra de Salud, Ana Nadal, con el titular del Centro de Empleados de Comercio, Fernando Ligorria, para incluir en la vacunaci\u00f3n a los empleados de supermercados, repositores externos y personal de apoyo de los supermercados.<\/span><\/p>\n<p><span style=\"color: #000000;\">Nadal remarc\u00f3 la importancia de la vacunaci\u00f3n para hacer frente al coronavirus y destac\u00f3 que \u201ces necesario reforzar la campa\u00f1a en los grupos esenciales y que nunca dejaron de trabajar durante la pandemia. Por eso es que ya comenzamos con personal de servicios p\u00fablicos, como choferes de colectivos, entre otros grupos\u201d.<\/span><\/p>\n<p><span style=\"color: #000000;\">\u201c<strong><em>Desde el inicio de la pandemia y en las fases m\u00e1s restrictivas estuvimos trabajando como actividad esencial para abastecer a la sociedad, poniendo la mano de obra a disposici\u00f3n y exponiendo no solo nuestra salud sino tambi\u00e9n la de nuestra familia<\/em><\/strong>\u201d, se\u00f1al\u00f3 Fernando Ligorria.<\/span><\/p>\n<p><span style=\"color: #000000;\">Este avance se logra luego de que el Gobernador respondi\u00f3 a un pedido desde el CEC solicitaron al Ejecutivo provincial \u201c<strong><em>que los empleados de comercios sean considerados esenciales e incluidos en los esquemas de vacunaci\u00f3n<\/em><\/strong>\u201d.<\/span><\/p>\n<p><span style=\"color: #000000;\">De esta manera, se podr\u00e1 resguardar al personal que no solo ha sido esencial en cuanto al abastecimiento en las diferentes etapas de las restricciones sino que se ha visto m\u00e1s demandado en funci\u00f3n de que la gente se ha volcado m\u00e1s a ese sector en busca de aprovisionamiento.<\/span><\/p>\n<p><span style=\"color: #000000;\">A la vez, hay que tener en cuenta que el promedio de los trabajadores de los supermercados tienen menos de 35 a\u00f1os, por lo que en su mayor\u00eda no han recibido la vacuna contra el coronavirus, salvo aquellos casos contemplados por comorbilidades.<\/span><\/p>\n<h5><span style=\"color: #000000;\">\u2022F.B.<\/span><\/h5>\n","protected":false},"excerpt":{"rendered":"<p>El acuerdo fue logrado tras las reuniones que mantuvo el Gobernador Rodolfo Suarez con el titular del Centro de Empleados de &#8230;<\/p>\n","protected":false},"author":8,"featured_media":91238,"comment_status":"open","ping_status":"open","sticky":false,"template":"","format":"standard","meta":{"footnotes":""},"categories":[5,69],"tags":[],"class_list":["post-91237","post","type-post","status-publish","format-standard","has-post-thumbnail","hentry","category-actualidad","category-comercio"],"_links":{"self":[{"href":"https:\/\/vinasfm.com\/noticias\/wp-json\/wp\/v2\/posts\/91237","targetHints":{"allow":["GET"]}}],"collection":[{"href":"https:\/\/vinasfm.com\/noticias\/wp-json\/wp\/v2\/posts"}],"about":[{"href":"https:\/\/vinasfm.com\/noticias\/wp-json\/wp\/v2\/types\/post"}],"author":[{"embeddable":true,"href":"https:\/\/vinasfm.com\/noticias\/wp-json\/wp\/v2\/users\/8"}],"replies":[{"embeddable":true,"href":"https:\/\/vinasfm.com\/noticias\/wp-json\/wp\/v2\/comments?post=91237"}],"version-history":[{"count":1,"href":"https:\/\/vinasfm.com\/noticias\/wp-json\/wp\/v2\/posts\/91237\/revisions"}],"predecessor-version":[{"id":91239,"href":"https:\/\/vinasfm.com\/noticias\/wp-json\/wp\/v2\/posts\/91237\/revisions\/91239"}],"wp:featuredmedia":[{"embeddable":true,"href":"https:\/\/vinasfm.com\/noticias\/wp-json\/wp\/v2\/media\/91238"}],"wp:attachment":[{"href":"https:\/\/vinasfm.com\/noticias\/wp-json\/wp\/v2\/media?parent=91237"}],"wp:term":[{"taxonomy":"category","embeddable":true,"href":"https:\/\/vinasfm.com\/noticias\/wp-json\/wp\/v2\/categories?post=91237"},{"taxonomy":"post_tag","embeddable":true,"href":"https:\/\/vinasfm.com\/noticias\/wp-json\/wp\/v2\/tags?post=91237"}],"curies":[{"name":"wp","href":"https:\/\/api.w.org\/{rel}","templated":true}]}}