{"id":91183,"date":"2021-06-08T05:25:36","date_gmt":"2021-06-08T08:25:36","guid":{"rendered":"http:\/\/vinasfm.com\/noticias\/?p=91183"},"modified":"2021-06-08T12:33:15","modified_gmt":"2021-06-08T15:33:15","slug":"vacunacion-comienza-la-inscripcion-para-mayores-de-45-anos-sin-enfemerdades-previas","status":"publish","type":"post","link":"https:\/\/vinasfm.com\/noticias\/vacunacion-comienza-la-inscripcion-para-mayores-de-45-anos-sin-enfemerdades-previas\/","title":{"rendered":"VACUNACI\u00d3N: COMIENZA LA INSCRIPCI\u00d3N PARA MAYORES DE 45 A\u00d1OS SIN ENFEMERDADES PREVIAS"},"content":{"rendered":"<h4><span style=\"color: #000000;\"><strong>La ministra de Salud, Ana Mar\u00eda Nadal, confirm\u00f3 que\u00a0este lunes comenzar\u00e1 el proceso de inscripci\u00f3n\u00a0para que los mayores de\u00a045 a\u00f1os sin comorbilidades accedan a la vacuna contra el\u00a0el coronavirus.<\/strong><\/span><\/h4>\n<p><span style=\"color: #000000;\">Hasta el momento se hab\u00eda abierto la vacunaci\u00f3n a los mayores de 50 a\u00f1os pero este lunes, a partir de las 16 horas, <strong>se ampli\u00f3 esa posibilidad para que m\u00e1s personas puedan ser inoculadas<\/strong>.<\/span><\/p>\n<p><span style=\"color: #000000;\">Actualmente se pueden inscribir para recibir la\u00a0vacuna los\u00a0adultos mayores de 50 a\u00f1os, los profesionales de la salud mayores\u00a0de 30 a\u00f1os y las personas con factores de riesgo de entre 18 y 49 a\u00f1os.<\/span><\/p>\n<p><span style=\"color: #000000;\">Los mendocinos que\u00a0deseen solicitar un turno de vacunaci\u00f3n tienen que ingresar <\/span>al\u00a0<a href=\"https:\/\/www.mendoza.gov.ar\/vacunacion-covid-19\/\" target=\"_blank\" rel=\"noopener noreferrer\">sitio web oficial<\/a>, <span style=\"color: #000000;\">completar los datos y esperar que el sistema\u00a0entregue por mail el ticket que confirma la inscripci\u00f3n.<\/span><\/p>\n<h5><span style=\"color: #000000;\">\u2022F.B.<\/span><\/h5>\n","protected":false},"excerpt":{"rendered":"<p>La ministra de Salud, Ana Mar\u00eda Nadal, confirm\u00f3 que\u00a0este lunes comenzar\u00e1 el proceso de inscripci\u00f3n\u00a0para que los mayores de\u00a045 a\u00f1os sin &#8230;<\/p>\n","protected":false},"author":8,"featured_media":90969,"comment_status":"open","ping_status":"open","sticky":false,"template":"","format":"standard","meta":{"footnotes":""},"categories":[5,15],"tags":[],"class_list":["post-91183","post","type-post","status-publish","format-standard","has-post-thumbnail","hentry","category-actualidad","category-salud"],"_links":{"self":[{"href":"https:\/\/vinasfm.com\/noticias\/wp-json\/wp\/v2\/posts\/91183","targetHints":{"allow":["GET"]}}],"collection":[{"href":"https:\/\/vinasfm.com\/noticias\/wp-json\/wp\/v2\/posts"}],"about":[{"href":"https:\/\/vinasfm.com\/noticias\/wp-json\/wp\/v2\/types\/post"}],"author":[{"embeddable":true,"href":"https:\/\/vinasfm.com\/noticias\/wp-json\/wp\/v2\/users\/8"}],"replies":[{"embeddable":true,"href":"https:\/\/vinasfm.com\/noticias\/wp-json\/wp\/v2\/comments?post=91183"}],"version-history":[{"count":1,"href":"https:\/\/vinasfm.com\/noticias\/wp-json\/wp\/v2\/posts\/91183\/revisions"}],"predecessor-version":[{"id":91184,"href":"https:\/\/vinasfm.com\/noticias\/wp-json\/wp\/v2\/posts\/91183\/revisions\/91184"}],"wp:featuredmedia":[{"embeddable":true,"href":"https:\/\/vinasfm.com\/noticias\/wp-json\/wp\/v2\/media\/90969"}],"wp:attachment":[{"href":"https:\/\/vinasfm.com\/noticias\/wp-json\/wp\/v2\/media?parent=91183"}],"wp:term":[{"taxonomy":"category","embeddable":true,"href":"https:\/\/vinasfm.com\/noticias\/wp-json\/wp\/v2\/categories?post=91183"},{"taxonomy":"post_tag","embeddable":true,"href":"https:\/\/vinasfm.com\/noticias\/wp-json\/wp\/v2\/tags?post=91183"}],"curies":[{"name":"wp","href":"https:\/\/api.w.org\/{rel}","templated":true}]}}