{"id":91160,"date":"2021-06-07T00:34:07","date_gmt":"2021-06-07T03:34:07","guid":{"rendered":"http:\/\/vinasfm.com\/noticias\/?p=91160"},"modified":"2021-06-08T10:29:24","modified_gmt":"2021-06-08T13:29:24","slug":"tiempo-asi-estaran-las-temperaturas-esta-semana","status":"publish","type":"post","link":"https:\/\/vinasfm.com\/noticias\/tiempo-asi-estaran-las-temperaturas-esta-semana\/","title":{"rendered":"TIEMPO: AS\u00cd ESTAR\u00c1N LAS TEMPERATURAS EST\u00c1 SEMANA"},"content":{"rendered":"<h4><span style=\"color: #000000;\">Se est\u00e1 terminando la segunda estaci\u00f3n del a\u00f1o y el invierno se empieza hacer notar con el descenso de las temperaturas, est\u00e1 semana las temperaturas no superar\u00e1n los 19\u00baC y tendremos m\u00ednimas de hasta 3\u00baC.<\/span><\/h4>\n<p><span style=\"color: #000000;\"><em><strong>Hoy lunes<\/strong><\/em>, tendremos cielo parcialmente nublado con vientos del sudeste y heladas parciales, con una m\u00ednima <strong><em>de 4\u00baC\u00a0 y una m\u00e1xima de 18\u00baC.<\/em><\/strong><\/span><\/p>\n<p><span style=\"color: #000000;\"><em><strong>Ma\u00f1ana martes<\/strong><\/em>, continuar\u00e1 el cielo con algo de nubosidad y vientos moderados del noreste, con temperaturas <strong><em>m\u00e1ximas de 18\u00baC y una m\u00ednima de 5\u00baC.<\/em><\/strong><\/span><\/p>\n<p><span style=\"color: #000000;\">Para el <em><strong>d\u00eda mi\u00e9rcoles<\/strong><\/em>, no habr\u00e1n cambios en las temperaturas continuar\u00e1 la nubosidad y los vientos leves del noreste, <em><strong>una m\u00ednima de 5\u00baC\u00a0 y una m\u00e1xima de 19\u00baC.<\/strong><\/em><\/span><\/p>\n<p><span style=\"color: #000000;\"><strong><em>El d\u00eda jueves<\/em><\/strong>, tendremos cielo parcialmente nublado con descenso de la temperatura y vientos moderados del sudeste, con <em><strong>una m\u00e1xima de 14\u00baC y una m\u00ednima de 7\u00baC.<\/strong><\/em><\/span><\/p>\n<p><span style=\"color: #000000;\">Cerrando la semana el <strong><em>d\u00eda viernes,<\/em><\/strong> con ascenso de la temperatura con m\u00e1ximas de 16\u00baC y m\u00ednimas de 3\u00baC, poca nubosidad y heladas parciales.<\/span><\/p>\n<p><span style=\"color: #000000;\">\u2022C.F.<\/span><\/p>\n","protected":false},"excerpt":{"rendered":"<p>Se est\u00e1 terminando la segunda estaci\u00f3n del a\u00f1o y el invierno se empieza hacer notar con el descenso de las temperaturas, &#8230;<\/p>\n","protected":false},"author":7,"featured_media":51542,"comment_status":"open","ping_status":"open","sticky":false,"template":"","format":"standard","meta":{"footnotes":""},"categories":[5,17],"tags":[],"class_list":["post-91160","post","type-post","status-publish","format-standard","has-post-thumbnail","hentry","category-actualidad","category-clima"],"_links":{"self":[{"href":"https:\/\/vinasfm.com\/noticias\/wp-json\/wp\/v2\/posts\/91160","targetHints":{"allow":["GET"]}}],"collection":[{"href":"https:\/\/vinasfm.com\/noticias\/wp-json\/wp\/v2\/posts"}],"about":[{"href":"https:\/\/vinasfm.com\/noticias\/wp-json\/wp\/v2\/types\/post"}],"author":[{"embeddable":true,"href":"https:\/\/vinasfm.com\/noticias\/wp-json\/wp\/v2\/users\/7"}],"replies":[{"embeddable":true,"href":"https:\/\/vinasfm.com\/noticias\/wp-json\/wp\/v2\/comments?post=91160"}],"version-history":[{"count":2,"href":"https:\/\/vinasfm.com\/noticias\/wp-json\/wp\/v2\/posts\/91160\/revisions"}],"predecessor-version":[{"id":91240,"href":"https:\/\/vinasfm.com\/noticias\/wp-json\/wp\/v2\/posts\/91160\/revisions\/91240"}],"wp:featuredmedia":[{"embeddable":true,"href":"https:\/\/vinasfm.com\/noticias\/wp-json\/wp\/v2\/media\/51542"}],"wp:attachment":[{"href":"https:\/\/vinasfm.com\/noticias\/wp-json\/wp\/v2\/media?parent=91160"}],"wp:term":[{"taxonomy":"category","embeddable":true,"href":"https:\/\/vinasfm.com\/noticias\/wp-json\/wp\/v2\/categories?post=91160"},{"taxonomy":"post_tag","embeddable":true,"href":"https:\/\/vinasfm.com\/noticias\/wp-json\/wp\/v2\/tags?post=91160"}],"curies":[{"name":"wp","href":"https:\/\/api.w.org\/{rel}","templated":true}]}}