{"id":91123,"date":"2021-06-07T01:19:05","date_gmt":"2021-06-07T04:19:05","guid":{"rendered":"http:\/\/vinasfm.com\/noticias\/?p=91123"},"modified":"2021-06-07T06:44:31","modified_gmt":"2021-06-07T09:44:31","slug":"policia-de-civil-redujo-a-un-delincuente-sorprendido-in-fraganti-en-el-b-21-de-septiembre","status":"publish","type":"post","link":"https:\/\/vinasfm.com\/noticias\/policia-de-civil-redujo-a-un-delincuente-sorprendido-in-fraganti-en-el-b-21-de-septiembre\/","title":{"rendered":"POLICIA DE CIVIL REDUJO A UN DELINCUENTE SORPRENDIDO IN FRAGANTI  EN EL B\u00b0 21 DE SEPTIEMBRE"},"content":{"rendered":"<h4><span style=\"color: #000000;\"><strong>Un delincuente fue detenido por un polic\u00eda de civil en horas de la noche de este s\u00e1bado luego de agredir a la due\u00f1a de un veh\u00edculo que intent\u00f3 robar en el Barrio 21 de Septiembre.<\/strong><\/span><\/h4>\n<p><span style=\"color: #000000;\">Seg\u00fan informaron autoridades policiales a <strong>F.M. VI\u00d1AS<\/strong>, alrededor de las <strong>20:00 hs<\/strong>, la v\u00edctima se encontraba en su vivienda cuando <strong>escuch\u00f3 ruidos provenientes del exterior<\/strong>, precisamente del veh\u00edculo que estaba estacionando en el porche.<\/span><\/p>\n<p><span style=\"color: #000000;\">Al salir <strong>observ\u00f3 a un hombre que hab\u00eda abierto una de las puertas del rodado<\/strong> y se encontraba arrodillado con medio cuerpo en el interior del auto. Al advertir la presencia de la propietaria, <strong>el sujeto intent\u00f3 darse a la fuga pero la mujer lo tom\u00f3 de uno de sus antebrazos.<\/strong><\/span><\/p>\n<p><span style=\"color: #000000;\">En medio del <strong>forcejeo<\/strong>, <strong>la damnificada se intimid\u00f3 al comprobar que el malviviente portaba un arma blanca<\/strong> por lo que retrocedi\u00f3 hasta el ingreso de la casa, ocasi\u00f3n que aprovech\u00f3 el agresor para arrojarle una <strong>botella de fernet<\/strong> que previamente hab\u00eda sustra\u00eddo de la movilidad, <strong>sin alcanzar a lesionarla<\/strong>.<\/span><\/p>\n<p><span style=\"color: #000000;\">Producto del ruido que gener\u00f3 la situaci\u00f3n, <strong>un vecino que es polic\u00eda rural sali\u00f3 a auxiliar a la v\u00edctima<\/strong>. <strong>Comenz\u00f3 a perseguir al sujeto d\u00e1ndole alcance a varios metros de la escena del hecho y rediciendo hasta que llegaron efectivos policiales, quienes lo trasladaron junto con el secuestro del cuchillo a la Comisaria 14\u00b0<\/strong>.<\/span><\/p>\n<h5><span style=\"color: #000000;\">\u2022F.B. (F.M. Vi\u00f1as).<\/span><\/h5>\n","protected":false},"excerpt":{"rendered":"<p>Un delincuente fue detenido por un polic\u00eda de civil en horas de la noche de este s\u00e1bado luego de agredir a &#8230;<\/p>\n","protected":false},"author":8,"featured_media":66502,"comment_status":"open","ping_status":"open","sticky":false,"template":"","format":"standard","meta":{"footnotes":""},"categories":[5,4],"tags":[],"class_list":["post-91123","post","type-post","status-publish","format-standard","has-post-thumbnail","hentry","category-actualidad","category-policiales"],"_links":{"self":[{"href":"https:\/\/vinasfm.com\/noticias\/wp-json\/wp\/v2\/posts\/91123","targetHints":{"allow":["GET"]}}],"collection":[{"href":"https:\/\/vinasfm.com\/noticias\/wp-json\/wp\/v2\/posts"}],"about":[{"href":"https:\/\/vinasfm.com\/noticias\/wp-json\/wp\/v2\/types\/post"}],"author":[{"embeddable":true,"href":"https:\/\/vinasfm.com\/noticias\/wp-json\/wp\/v2\/users\/8"}],"replies":[{"embeddable":true,"href":"https:\/\/vinasfm.com\/noticias\/wp-json\/wp\/v2\/comments?post=91123"}],"version-history":[{"count":3,"href":"https:\/\/vinasfm.com\/noticias\/wp-json\/wp\/v2\/posts\/91123\/revisions"}],"predecessor-version":[{"id":91128,"href":"https:\/\/vinasfm.com\/noticias\/wp-json\/wp\/v2\/posts\/91123\/revisions\/91128"}],"wp:featuredmedia":[{"embeddable":true,"href":"https:\/\/vinasfm.com\/noticias\/wp-json\/wp\/v2\/media\/66502"}],"wp:attachment":[{"href":"https:\/\/vinasfm.com\/noticias\/wp-json\/wp\/v2\/media?parent=91123"}],"wp:term":[{"taxonomy":"category","embeddable":true,"href":"https:\/\/vinasfm.com\/noticias\/wp-json\/wp\/v2\/categories?post=91123"},{"taxonomy":"post_tag","embeddable":true,"href":"https:\/\/vinasfm.com\/noticias\/wp-json\/wp\/v2\/tags?post=91123"}],"curies":[{"name":"wp","href":"https:\/\/api.w.org\/{rel}","templated":true}]}}