{"id":91087,"date":"2021-06-05T12:40:11","date_gmt":"2021-06-05T15:40:11","guid":{"rendered":"http:\/\/vinasfm.com\/noticias\/?p=91087"},"modified":"2021-06-06T22:57:54","modified_gmt":"2021-06-07T01:57:54","slug":"vacuna-antigripal-cerca-de-300-empleados-municipales-ya-han-sido-inmunizados","status":"publish","type":"post","link":"https:\/\/vinasfm.com\/noticias\/vacuna-antigripal-cerca-de-300-empleados-municipales-ya-han-sido-inmunizados\/","title":{"rendered":"VACUNA ANTIGRIPAL: CERCA DE 300 EMPLEADOS MUNICIPALES YA HAN SIDO INMUNIZADOS"},"content":{"rendered":"<h4><span style=\"color: #000000;\"><strong>Cerca de 300 empleados municipales ya fueron vacunados con la Vacuna Antigripal gracias a las gestiones realizadas por el Intendente Walther Marcolini ante el Ministerio de Salud, Desarrollo Social y Deportes de la provincia.<\/strong><\/span><\/h4>\n<p><span style=\"color: #000000;\">Este viernes, el operativo se llev\u00f3 a cabo en el<strong> Honorable Concejo Deliberante<\/strong> y anteriormente en las delegaciones distritales, en los <strong>Consultorios Municipales del Barrio San Carlos<\/strong>, en el <strong>Matadero Municipal<\/strong> y en el<strong> Obrador<\/strong>. Se trat\u00f3 del quinto d\u00eda de vacunaci\u00f3n, dado que se complementa con lo que se ha aplicado en distritos y en otras dependencias municipales.<\/span><\/p>\n<p><span style=\"color: #000000;\">\u201c<strong><em>La aceptaci\u00f3n fue muy buena, tuvimos un n\u00famero importante de personas vacunadas, esto se complementa con lo que se realiz\u00f3 en los dem\u00e1s puntos de vacunaci\u00f3n<\/em><\/strong>\u201d, indic\u00f3 el <strong>Coordinador del \u00c1rea de Seguridad e Higiene Oscar Olivera<\/strong>.<\/span><\/p>\n<p><span style=\"color: #000000;\">La campa\u00f1a de vacunaci\u00f3n antigripal prevista para todos los empleados municipales comenz\u00f3 el pasado lunes en Carmensa, Alvear Oeste, Bowen, El Matadero, Barrio San Carlos, Ugacoop. Ayer tuvo lugar en el HCD, donde se alcanz\u00f3 a casi 300 personas vacunadas, subray\u00f3 Oscar Olivera.<\/span><\/p>\n<h5><span style=\"color: #000000;\">\u2022F.B.<\/span><\/h5>\n","protected":false},"excerpt":{"rendered":"<p>Cerca de 300 empleados municipales ya fueron vacunados con la Vacuna Antigripal gracias a las gestiones realizadas por el Intendente Walther &#8230;<\/p>\n","protected":false},"author":8,"featured_media":91088,"comment_status":"open","ping_status":"open","sticky":false,"template":"","format":"standard","meta":{"footnotes":""},"categories":[5,15],"tags":[],"class_list":["post-91087","post","type-post","status-publish","format-standard","has-post-thumbnail","hentry","category-actualidad","category-salud"],"_links":{"self":[{"href":"https:\/\/vinasfm.com\/noticias\/wp-json\/wp\/v2\/posts\/91087","targetHints":{"allow":["GET"]}}],"collection":[{"href":"https:\/\/vinasfm.com\/noticias\/wp-json\/wp\/v2\/posts"}],"about":[{"href":"https:\/\/vinasfm.com\/noticias\/wp-json\/wp\/v2\/types\/post"}],"author":[{"embeddable":true,"href":"https:\/\/vinasfm.com\/noticias\/wp-json\/wp\/v2\/users\/8"}],"replies":[{"embeddable":true,"href":"https:\/\/vinasfm.com\/noticias\/wp-json\/wp\/v2\/comments?post=91087"}],"version-history":[{"count":2,"href":"https:\/\/vinasfm.com\/noticias\/wp-json\/wp\/v2\/posts\/91087\/revisions"}],"predecessor-version":[{"id":91091,"href":"https:\/\/vinasfm.com\/noticias\/wp-json\/wp\/v2\/posts\/91087\/revisions\/91091"}],"wp:featuredmedia":[{"embeddable":true,"href":"https:\/\/vinasfm.com\/noticias\/wp-json\/wp\/v2\/media\/91088"}],"wp:attachment":[{"href":"https:\/\/vinasfm.com\/noticias\/wp-json\/wp\/v2\/media?parent=91087"}],"wp:term":[{"taxonomy":"category","embeddable":true,"href":"https:\/\/vinasfm.com\/noticias\/wp-json\/wp\/v2\/categories?post=91087"},{"taxonomy":"post_tag","embeddable":true,"href":"https:\/\/vinasfm.com\/noticias\/wp-json\/wp\/v2\/tags?post=91087"}],"curies":[{"name":"wp","href":"https:\/\/api.w.org\/{rel}","templated":true}]}}