{"id":91051,"date":"2021-06-07T08:40:00","date_gmt":"2021-06-07T11:40:00","guid":{"rendered":"http:\/\/vinasfm.com\/noticias\/?p=91051"},"modified":"2021-06-08T08:41:19","modified_gmt":"2021-06-08T11:41:19","slug":"avanza-la-remodelacion-y-colocacion-de-juegos-en-plazas-de-nuestro-departamento","status":"publish","type":"post","link":"https:\/\/vinasfm.com\/noticias\/avanza-la-remodelacion-y-colocacion-de-juegos-en-plazas-de-nuestro-departamento\/","title":{"rendered":"AVANZA LA REMODELACI\u00d3N Y COLOCACI\u00d3N DE JUEGOS EN PLAZAS DE NUESTRO DEPARTAMENTO"},"content":{"rendered":"<h4><span style=\"color: #000000;\"><strong>Desde Direcci\u00f3n de Servicios P\u00fablicos se contin\u00faan trabajando en el programa mejoramiento de plazas y espacios verdes de la ciudad, en el d\u00eda de ayer se estuvo trabajando en la remodelaci\u00f3n y colocaci\u00f3n de la plaza del Barrio Policial y se finaliza con est\u00e1 la primer etapa y se continuara trabajando.<\/strong><\/span><\/h4>\n<p><span style=\"color: #000000;\">Se ha desarrollado un programa de mejoramiento de plazas el que se ha dividido en distintas etapas y en el d\u00eda de ayer se comenz\u00f3 a trabajar en la \u00faltima de las plazas de la primer etapa que involucra a la plaza del Bario Florio, la plaza del Barrio Rio Atuel y a la plaza del Barrio Policial. <\/span><\/p>\n<p><span style=\"color: #000000;\">En di\u00e1logo con <strong>F.M. VI\u00d1AS<\/strong> el <strong>Director de Servicio P\u00fablicos Pablo Morales<\/strong> expres\u00f3:<em><strong> &#8216;Estamos ac\u00e1 en la plaza de los ni\u00f1os ac\u00e1 en el barrio policial, calle mitre haciendo las refacciones necesarias que necesitaba est\u00e1 plaza, se ha hecho una inversi\u00f3n de alrededor de un mill\u00f3n de pesos, en juegos, mobiliarios, bebederos&#8217;.<\/strong><\/em><\/span><\/p>\n<p><span style=\"color: #000000;\">Se realiza la renovaci\u00f3n, refacci\u00f3n y colocaci\u00f3n de juegos para que los ni\u00f1os, j\u00f3venes y vecinos del departamento puedan disfrutar de estos espacios, <strong><em>&#8216;se van a poner seis m\u00f3dulos , una calesita inclusiva, toboganes dobles, una palestra y dem\u00e1s es una de las plazas que m\u00e1s equipamientos va a tener para juegos para ni\u00f1os, siempre dependiendo de las dimensiones de la plaza&#8217;,<\/em><\/strong> se\u00f1al\u00f3 Morales.\u00a0<\/span><\/p>\n<p><span style=\"color: #000000;\">Al finalizar est\u00e1 etapa se comenzar\u00e1 a trabajar en la segunda que comprende la plaza Espa\u00f1a del Barrio Docente, el Barrio Nevado, el Smata II, el Calden, la plaza del Barrio el Matadero, el Toscano y algunas plaza del Distrito de Bowen, <em><strong>&#8216;la idea es esa, tratar que hayan muchas plazas y no toda la gente se trasladen en la plaza central, que se puedan disfrutar las distintas plazas mas de 32 espacios verdes que tenemos en el departamento y tratar de equiparlo y no concentrarlo solo en uno&#8217;, destac\u00f3 al finalizar.\u00a0<\/strong><\/em><\/span><\/p>\n<h5><span style=\"color: #000000;\">\u2022C.F.\u00a0<\/span><\/h5>\n","protected":false},"excerpt":{"rendered":"<p>Desde Direcci\u00f3n de Servicios P\u00fablicos se contin\u00faan trabajando en el programa mejoramiento de plazas y espacios verdes de la ciudad, en &#8230;<\/p>\n","protected":false},"author":7,"featured_media":91082,"comment_status":"open","ping_status":"open","sticky":false,"template":"","format":"standard","meta":{"footnotes":""},"categories":[5,29],"tags":[],"class_list":["post-91051","post","type-post","status-publish","format-standard","has-post-thumbnail","hentry","category-actualidad","category-obras-y-servicios"],"_links":{"self":[{"href":"https:\/\/vinasfm.com\/noticias\/wp-json\/wp\/v2\/posts\/91051","targetHints":{"allow":["GET"]}}],"collection":[{"href":"https:\/\/vinasfm.com\/noticias\/wp-json\/wp\/v2\/posts"}],"about":[{"href":"https:\/\/vinasfm.com\/noticias\/wp-json\/wp\/v2\/types\/post"}],"author":[{"embeddable":true,"href":"https:\/\/vinasfm.com\/noticias\/wp-json\/wp\/v2\/users\/7"}],"replies":[{"embeddable":true,"href":"https:\/\/vinasfm.com\/noticias\/wp-json\/wp\/v2\/comments?post=91051"}],"version-history":[{"count":6,"href":"https:\/\/vinasfm.com\/noticias\/wp-json\/wp\/v2\/posts\/91051\/revisions"}],"predecessor-version":[{"id":91089,"href":"https:\/\/vinasfm.com\/noticias\/wp-json\/wp\/v2\/posts\/91051\/revisions\/91089"}],"wp:featuredmedia":[{"embeddable":true,"href":"https:\/\/vinasfm.com\/noticias\/wp-json\/wp\/v2\/media\/91082"}],"wp:attachment":[{"href":"https:\/\/vinasfm.com\/noticias\/wp-json\/wp\/v2\/media?parent=91051"}],"wp:term":[{"taxonomy":"category","embeddable":true,"href":"https:\/\/vinasfm.com\/noticias\/wp-json\/wp\/v2\/categories?post=91051"},{"taxonomy":"post_tag","embeddable":true,"href":"https:\/\/vinasfm.com\/noticias\/wp-json\/wp\/v2\/tags?post=91051"}],"curies":[{"name":"wp","href":"https:\/\/api.w.org\/{rel}","templated":true}]}}