{"id":91050,"date":"2021-06-06T23:30:26","date_gmt":"2021-06-07T02:30:26","guid":{"rendered":"http:\/\/vinasfm.com\/noticias\/?p=91050"},"modified":"2021-06-07T11:32:01","modified_gmt":"2021-06-07T14:32:01","slug":"de-marchi-critico-la-estatizacion-de-impsa-mendoza-se-asocio-a-una-deuda-de-500-millones-de-dolares","status":"publish","type":"post","link":"https:\/\/vinasfm.com\/noticias\/de-marchi-critico-la-estatizacion-de-impsa-mendoza-se-asocio-a-una-deuda-de-500-millones-de-dolares\/","title":{"rendered":"DE MARCHI CRITIC\u00d3 LA ESTATIZACI\u00d3N DE IMPSA: &#8216;MENDOZA SE ASOCI\u00d3 A UNA DEUDA DE 500 MILLONES DE D\u00d3LARES&#8217;"},"content":{"rendered":"<h4><strong><span style=\"color: #000000;\">El Diputado Nacional por Mendoza Dr. Omar De Marchi fij\u00f3 su postura en desacuerdo con la capitalizaci\u00f3n de la empresa IMPSA, luego del acuerdo de &#8216;rescate&#8217; por parte de Naci\u00f3n y Provincia, oficializado este jueves con la visita de Alberto Fern\u00e1ndez a Mendoza. A contramano de lo ocurrido con Vicent\u00edn, empresa que el Estado Nacional intent\u00f3 expropiar, la empresa mendocina ya en manos estatales contar\u00e1 con tres directores representando a Naci\u00f3n y uno a Mendoza.<\/span><\/strong><\/h4>\n<div id=\"attachment_85090\" style=\"width: 369px\" class=\"wp-caption alignleft\"><a style=\"color: #000000;\" href=\"http:\/\/vinasfm.com\/noticias\/wp-content\/uploads\/2021\/02\/Omar-de-Marchi-6.jpg\"><img loading=\"lazy\" decoding=\"async\" aria-describedby=\"caption-attachment-85090\" class=\" wp-image-85090\" src=\"http:\/\/vinasfm.com\/noticias\/wp-content\/uploads\/2021\/02\/Omar-de-Marchi-6-300x169.jpg\" alt=\"\" width=\"369\" height=\"208\" srcset=\"https:\/\/vinasfm.com\/noticias\/wp-content\/uploads\/2021\/02\/Omar-de-Marchi-6-300x169.jpg 300w, https:\/\/vinasfm.com\/noticias\/wp-content\/uploads\/2021\/02\/Omar-de-Marchi-6.jpg 750w\" sizes=\"auto, (max-width: 369px) 100vw, 369px\" \/><\/a><p id=\"caption-attachment-85090\" class=\"wp-caption-text\"><span style=\"color: #000000;\">Dr. Omar De Marchi.<\/span><\/p><\/div>\n<p><span style=\"color: #000000;\">El <strong>legislador del PRO<\/strong> se mostr\u00f3 en contra del acuerdo al que considera perjudicial para los mendocinos por diferentes razones l\u00f3gicas. En di\u00e1logo con <strong>F.M. VI\u00d1AS,<\/strong>\u00a0<strong>De Marchi <\/strong>plante\u00f3: &#8216;<strong><em>Es muy f\u00e1cil tomar decisiones con la plata ajena, de los impuestos en este caso, porque si tuvieran que decidir con su propio dinero no lo har\u00edan<\/em><\/strong>&#8216;, y en la misma l\u00ednea record\u00f3: &#8216;<em><b>La historia de los fracasos de la Argentina creyendo que el Estado es el que resolver\u00e1 las cosas tiene muchas d\u00e9cadas y los resultados siempre han sido negativos para el pa\u00eds. YPF, Aerol\u00edneas\u00a0son claros ejemplos<\/b><\/em>&#8216;.<\/span><\/p>\n<p>&nbsp;<\/p>\n<p><span style=\"color: #000000;\"><strong><em>&#8216;\u00bfPor qu\u00e9 a unos s\u00ed y a otros no?&#8217;<\/em><\/strong>, se pregunt\u00f3 De Marchi y argument\u00f3: &#8216;<strong><em>En la situaci\u00f3n de constante ca\u00edda de la actividad econ\u00f3mica en detrimento de las empresas y Pymes, por qu\u00e9 deciden bancar a IMPSA y no a las miles de pymes que est\u00e1n quebrando<\/em><\/strong>&#8216;.<\/span><\/p>\n<p><span style=\"color: #000000;\"><a style=\"color: #000000;\" href=\"http:\/\/vinasfm.com\/noticias\/wp-content\/uploads\/2021\/06\/omar-de-marchi.png\"><img loading=\"lazy\" decoding=\"async\" class=\" wp-image-91053 aligncenter\" src=\"http:\/\/vinasfm.com\/noticias\/wp-content\/uploads\/2021\/06\/omar-de-marchi-300x57.png\" alt=\"\" width=\"768\" height=\"146\" srcset=\"https:\/\/vinasfm.com\/noticias\/wp-content\/uploads\/2021\/06\/omar-de-marchi-300x57.png 300w, https:\/\/vinasfm.com\/noticias\/wp-content\/uploads\/2021\/06\/omar-de-marchi.png 591w\" sizes=\"auto, (max-width: 768px) 100vw, 768px\" \/><\/a><\/span><\/p>\n<p><span style=\"color: #000000;\">Seg\u00fan su visi\u00f3n,<strong> el Estado no deber\u00eda jugar a ser empresario<\/strong>, mucho menos en un mercado extremadamente complejo como el de la innovaci\u00f3n tecnol\u00f3gica que caracteriza a IMPSA: &#8216;<em><b>El gobierno nacional no puede resolver cuestiones b\u00e1sicas como organizar la fila para una vacunaci\u00f3n y cree que va a ser eficiente en administrar una empresa de alta sofisticaci\u00f3n y competitividad. Por qu\u00e9 no se encargan de solucionar los problemas que afectan a los argentinos como la inseguridad, el deficiente sistema sanitario y la educaci\u00f3n<\/b><\/em>&#8216;, se\u00f1al\u00f3.<\/span><\/p>\n<h4><span style=\"color: #000000;\"><strong>MENDOZA, &#8216;ASOCIADA&#8217; A OTRA DEUDA<\/strong><\/span><\/h4>\n<p><span style=\"color: #000000;\">Explic\u00f3 que el<strong> Estado Provincial<\/strong> como socio <strong>corre importantes riesgos teniendo en cuenta que la deuda de IMPSA es de alrededor de 500 millones de d\u00f3lares<\/strong> y al asociarse, con los pasivos y activos, <strong>la Provincia est\u00e1 haci\u00e9ndose cargo del 21% de esa deuda,<\/strong> <em style=\"font-weight: bold;\">&#8216;lo que representan cerca de 120 millones de d\u00f3lares, o <\/em><em><b>creemos que con la estatizaci\u00f3n la van a dejar ir a la quiebra. A este rescate le van a suceder otros y, lo peor de todo, con\u00a0 el dinero de todos<\/b><\/em>&#8216;, cuestion\u00f3 el diputado nacional.<\/span><\/p>\n<p><a href=\"http:\/\/vinasfm.com\/noticias\/wp-content\/uploads\/2021\/06\/omar-de-marchi-2.png\"><img loading=\"lazy\" decoding=\"async\" class=\" wp-image-91070 aligncenter\" src=\"http:\/\/vinasfm.com\/noticias\/wp-content\/uploads\/2021\/06\/omar-de-marchi-2-300x72.png\" alt=\"\" width=\"725\" height=\"174\" srcset=\"https:\/\/vinasfm.com\/noticias\/wp-content\/uploads\/2021\/06\/omar-de-marchi-2-300x72.png 300w, https:\/\/vinasfm.com\/noticias\/wp-content\/uploads\/2021\/06\/omar-de-marchi-2.png 584w\" sizes=\"auto, (max-width: 725px) 100vw, 725px\" \/><\/a><span style=\"color: #000000;\">&#8216;<em><strong>\u00bfLa salida?<\/strong> Dos opciones: no haberse metido, el gobierno debe invertir en salud, educaci\u00f3n, seguridad, y no en tareas q no le son propias. O bien, <strong>si quer\u00edan salvar IMPSA hubieran dado un cr\u00e9dito especial para fondear la compa\u00f1\u00eda, sin asociarse a deudas y p\u00e9rdidas futuras<\/strong><\/em>&#8216;, public\u00f3 en su Twitter.<\/span><\/p>\n<p><span style=\"color: #000000;\">&#8216;<strong><em>Seguimos subsidiando y poni\u00e9ndole dinero a los vivos de siempre. Mendoza est\u00e1 poniendo plata para pagar, compramos una deuda<\/em><\/strong>&#8216;, consider\u00f3 el ex intendente de Luj\u00e1n de Cuyo, y agreg\u00f3: &#8216;<em><strong>Con los 20 millones de d\u00f3lares que se pusieron para rescatar IMPSA, se hicieron con el 80% de la participaci\u00f3n de la empresa. \u00bfNing\u00fan privado, particular o la propia familia Pescarmona quiso hacerse cargo? No cierra por ning\u00fan lado y adem\u00e1s aparece el Estado bobo<\/strong><\/em>&#8216;.<\/span><\/p>\n<p><span style=\"color: #000000;\">De Marchi vaticin\u00f3 que en cuesti\u00f3n de tiempo el Estado se ver\u00e1 obligado a volver a capitalizar la empresa: &#8216;<strong><em>Si los que vienen administr\u00e1ndola desde hace d\u00e9cadas se han corrido \u00bfUn gerente va a salvar tama\u00f1a empresa? No va a funcionar<\/em><\/strong>&#8216;, concluy\u00f3.<\/span><\/p>\n<h5><span style=\"color: #000000;\">\u2022F.B. (F.M. VI\u00d1AS).<\/span><\/h5>\n","protected":false},"excerpt":{"rendered":"<p>El Diputado Nacional por Mendoza Dr. Omar De Marchi fij\u00f3 su postura en desacuerdo con la capitalizaci\u00f3n de la empresa IMPSA, &#8230;<\/p>\n","protected":false},"author":8,"featured_media":91064,"comment_status":"open","ping_status":"open","sticky":false,"template":"","format":"standard","meta":{"footnotes":""},"categories":[5,7],"tags":[],"class_list":["post-91050","post","type-post","status-publish","format-standard","has-post-thumbnail","hentry","category-actualidad","category-politica"],"_links":{"self":[{"href":"https:\/\/vinasfm.com\/noticias\/wp-json\/wp\/v2\/posts\/91050","targetHints":{"allow":["GET"]}}],"collection":[{"href":"https:\/\/vinasfm.com\/noticias\/wp-json\/wp\/v2\/posts"}],"about":[{"href":"https:\/\/vinasfm.com\/noticias\/wp-json\/wp\/v2\/types\/post"}],"author":[{"embeddable":true,"href":"https:\/\/vinasfm.com\/noticias\/wp-json\/wp\/v2\/users\/8"}],"replies":[{"embeddable":true,"href":"https:\/\/vinasfm.com\/noticias\/wp-json\/wp\/v2\/comments?post=91050"}],"version-history":[{"count":11,"href":"https:\/\/vinasfm.com\/noticias\/wp-json\/wp\/v2\/posts\/91050\/revisions"}],"predecessor-version":[{"id":91069,"href":"https:\/\/vinasfm.com\/noticias\/wp-json\/wp\/v2\/posts\/91050\/revisions\/91069"}],"wp:featuredmedia":[{"embeddable":true,"href":"https:\/\/vinasfm.com\/noticias\/wp-json\/wp\/v2\/media\/91064"}],"wp:attachment":[{"href":"https:\/\/vinasfm.com\/noticias\/wp-json\/wp\/v2\/media?parent=91050"}],"wp:term":[{"taxonomy":"category","embeddable":true,"href":"https:\/\/vinasfm.com\/noticias\/wp-json\/wp\/v2\/categories?post=91050"},{"taxonomy":"post_tag","embeddable":true,"href":"https:\/\/vinasfm.com\/noticias\/wp-json\/wp\/v2\/tags?post=91050"}],"curies":[{"name":"wp","href":"https:\/\/api.w.org\/{rel}","templated":true}]}}