{"id":91009,"date":"2021-06-04T10:15:01","date_gmt":"2021-06-04T13:15:01","guid":{"rendered":"http:\/\/vinasfm.com\/noticias\/?p=91009"},"modified":"2021-06-04T11:04:44","modified_gmt":"2021-06-04T14:04:44","slug":"sin-loser-en-cancha-argentina-perdio-frente-a-eslovenia-en-la-vnl","status":"publish","type":"post","link":"https:\/\/vinasfm.com\/noticias\/sin-loser-en-cancha-argentina-perdio-frente-a-eslovenia-en-la-vnl\/","title":{"rendered":"SIN LOSER EN CANCHA, ARGENTINA PERDI\u00d3 FRENTE A ESLOVENIA EN LA VNL"},"content":{"rendered":"<h4><span style=\"color: #000000;\">Agust\u00edn Loser tuvo descanso en el segundo partido de este fin de semana de competencia por la Liga de Naciones. Sin la participaci\u00f3n del alvearense, la Selecci\u00f3n Argentina cay\u00f3 en sets corridos frente al l\u00edder Eslovenia.<\/span><\/h4>\n<p><span style=\"color: #000000;\"><strong>Despu\u00e9s de los 10 puntos anotados por el alvearense Loser<\/strong>, para aportar a la victoria argentina en 5 sets <strong>ante Alemania<\/strong>, el entrenador <strong>Marcelo M\u00e9ndez decidi\u00f3 darle descanso en el choque con Eslovenia, que termin\u00f3 en derrota argentina<\/strong>. <\/span><\/p>\n<p><span style=\"color: #000000;\">En cuanto a actuaciones individuales en el d\u00eda de hoy, <strong>Pablo Crer fue el m\u00e1ximo anotador de Argentina con 8 puntos, mientras que ante Alemania, Facundo Pereyra se hab\u00eda lucido con 22 tantos como m\u00e1ximo anotador.<\/strong><\/span><\/p>\n<p><span style=\"color: #000000;\">El <strong>equipo europeo es l\u00edder del torneo con cuatro victorias consecutivas<\/strong> y en el d\u00eda de hoy fue claramente superior a la Albiceleste. De esta manera, <strong>la selecci\u00f3n eslovena se qued\u00f3 con la victoria por 3-0 gracias a los siguientes parciales: 25-19; 25-22 y 25-18.<\/strong><\/span><\/p>\n<p><span style=\"color: #000000;\">Este s\u00e1bado, <strong>a las 5 de la ma\u00f1ana (hora argentina), Argentina jugar\u00e1 contra Holanda<\/strong>, pen\u00faltimo en el torneo y con solo un punto hasta el momento. Con el<strong> posible regreso de Loser a la titularidad, es otro partido importante para que la Selecci\u00f3n vuelva a la victoria.<\/strong><\/span><\/p>\n<p><span style=\"color: #000000;\">\u2022<strong>L.A.<\/strong><\/span><\/p>\n","protected":false},"excerpt":{"rendered":"<p>Agust\u00edn Loser tuvo descanso en el segundo partido de este fin de semana de competencia por la Liga de Naciones. Sin &#8230;<\/p>\n","protected":false},"author":7,"featured_media":91017,"comment_status":"open","ping_status":"open","sticky":false,"template":"","format":"standard","meta":{"footnotes":""},"categories":[5,3],"tags":[],"class_list":["post-91009","post","type-post","status-publish","format-standard","has-post-thumbnail","hentry","category-actualidad","category-deportes"],"_links":{"self":[{"href":"https:\/\/vinasfm.com\/noticias\/wp-json\/wp\/v2\/posts\/91009","targetHints":{"allow":["GET"]}}],"collection":[{"href":"https:\/\/vinasfm.com\/noticias\/wp-json\/wp\/v2\/posts"}],"about":[{"href":"https:\/\/vinasfm.com\/noticias\/wp-json\/wp\/v2\/types\/post"}],"author":[{"embeddable":true,"href":"https:\/\/vinasfm.com\/noticias\/wp-json\/wp\/v2\/users\/7"}],"replies":[{"embeddable":true,"href":"https:\/\/vinasfm.com\/noticias\/wp-json\/wp\/v2\/comments?post=91009"}],"version-history":[{"count":2,"href":"https:\/\/vinasfm.com\/noticias\/wp-json\/wp\/v2\/posts\/91009\/revisions"}],"predecessor-version":[{"id":91018,"href":"https:\/\/vinasfm.com\/noticias\/wp-json\/wp\/v2\/posts\/91009\/revisions\/91018"}],"wp:featuredmedia":[{"embeddable":true,"href":"https:\/\/vinasfm.com\/noticias\/wp-json\/wp\/v2\/media\/91017"}],"wp:attachment":[{"href":"https:\/\/vinasfm.com\/noticias\/wp-json\/wp\/v2\/media?parent=91009"}],"wp:term":[{"taxonomy":"category","embeddable":true,"href":"https:\/\/vinasfm.com\/noticias\/wp-json\/wp\/v2\/categories?post=91009"},{"taxonomy":"post_tag","embeddable":true,"href":"https:\/\/vinasfm.com\/noticias\/wp-json\/wp\/v2\/tags?post=91009"}],"curies":[{"name":"wp","href":"https:\/\/api.w.org\/{rel}","templated":true}]}}