{"id":90943,"date":"2021-06-04T23:59:22","date_gmt":"2021-06-05T02:59:22","guid":{"rendered":"http:\/\/vinasfm.com\/noticias\/?p=90943"},"modified":"2021-06-06T22:59:20","modified_gmt":"2021-06-07T01:59:20","slug":"fabio-paez-veo-la-fuerza-de-chiara-en-cada-persona-que-enarbola-la-bandera-de-ni-una-menos","status":"publish","type":"post","link":"https:\/\/vinasfm.com\/noticias\/fabio-paez-veo-la-fuerza-de-chiara-en-cada-persona-que-enarbola-la-bandera-de-ni-una-menos\/","title":{"rendered":"FABIO P\u00c1EZ: &#8216;VEO LA FUERZA DE CHIARA EN CADA PERSONA QUE ENARBOLA LA BANDERA DE NI UNA MENOS&#8217;"},"content":{"rendered":"<h4><span style=\"color: #000000;\">Hay fechas y personas que no se olvidan. Hoy 3 de junio es uno de esos d\u00edas en el que miles de argentinas salieron a gritar pidiendo justicia, pidiendo que dejen de matarnos. En 2015 un 10 de mayo le apagaron la luz en sus ojos de 14, en manos de quien era su novio. El nombre de Chiara qued\u00f3 en cada mujer argentina y fue as\u00ed que por distintas redes sociales las mujeres de nuestro pa\u00eds se organizaron y salieron a poner su voz, su cuerpo y se hicieron escuchar el 3 de junio de 2015 a las 17 hs, ah\u00ed comenz\u00f3 el movimiento &#8216;NI UNA MENOS&#8217;.<\/span><\/h4>\n<p><span style=\"color: #000000;\">La sociedad ha perdido hijas, hermanas, madres y amigas. Se perdieron vidas de mujeres s\u00f3lo por el hecho de ser mujer- La sociedad necesita hacer un cambio cultural, para que se respete la vida de una mujer y que cuando sucede un femicidio, cuando se comete esta injusticia, el sistema judicial deber\u00eda estar preparado para enfrentar estos casos. Hoy, en una fecha tan marcada, en <strong><em>di\u00e1logo con FM VI\u00d1AS, Fabio P\u00e1ez pap\u00e1 de Chiara declar\u00f3: \u00abLlega el 3 de junio y siento un poco de orgullo que el nombre de ella dentro del dolor, de lo feo de lo que uno vivi\u00f3, haya tanta mujeres, tantos medios, tanta gente luchando contra la violencia de g\u00e9nero, contra los femicidios. Entonces es una mezcla de cosas que la verdad son dif\u00edcil de decirlas\u00bb, destac\u00f3.<\/em><\/strong><\/span><\/p>\n<p><span style=\"color: #000000;\">La sociedad con el paso del tiempo ha cambiado, ha crecido y ha tomado conciencia sobre esta problem\u00e1tica pero no lo suficiente. Hay gran parte de la sociedad que todav\u00eda no toma conciencia de que siguen ocurriendo femicidios en n\u00fameros alarmantes, que en nuestro pa\u00eds muere una mujer cada 35 horas. <strong><em>\u00abEmpez\u00f3 a cambiar mucho en el ciudadano com\u00fan, en la mujer el pensamiento en el cuidado, esas cosas empezaron a cambiar muchos, creo que se est\u00e1n haciendo muchas cosas pero faltan\u00bb, subray\u00f3 sobre esta l\u00ednea.<\/em><\/strong><\/span><\/p>\n<p><span style=\"color: #000000;\">La gran falencia y una de las fallas m\u00e1s importantes que hay en este pa\u00eds es el sistema judicial, una justicia machista como parte de la sociedad y que est\u00e1 en deuda con miles de mujeres que perdieron la vida en manos de un hombre, a cientos de hijos y padres de v\u00edctimas de violencia. Las condenas no son justas, muchas son archivadas por distintos motivos y otra gran cantidad tardan a\u00f1os en tener una sentencia firme. <strong><em>\u00abCuando me pongo la camiseta de esta lucha, te das cuenta que justicia esta faltando much\u00edsima, porque somos muchos familiares que no hemos recibido. En el caso de Chiara, esa noche en la casa de la familia eran 5 y termin\u00f3 el menor solo preso y los otro 4 mayores libres\u00bb, expres\u00f3<\/em><\/strong>. <\/span><\/p>\n<p><span style=\"color: #000000;\"><span style=\"color: #000000;\">En ese caso el brutal asesinato de esta adolescente lleg\u00f3 y moviliz\u00f3 a la sociedad, fue el puntapi\u00e9 para que miles de mujeres salieran a pedir ayuda, a gritar por todas las que ya no est\u00e1n. <\/span><em><b style=\"color: #000000;\">\u00abFue algo tan visible, lleg\u00f3 a todos los medios nacionales, a gran parte de los medios del mundo. As\u00ed y todo eso yo no recib\u00ed justicia, por eso cada vez que hay un femicidio se me viene todo el dolor como si fuera Chiara a la chica que mataron y a su vez un dolor <\/b><span style=\"color: #000000;\"><b>m\u00e1s<\/b><\/span><b style=\"color: #000000;\"> grande por toda la familia, porque luchar despu\u00e9s de la muerte de una hija y tener que pelear contra la justicia que realmente <\/b><span style=\"color: #000000;\"><b>est\u00e1<\/b><\/span><b style=\"color: #000000;\"> muy en deuda gran parte de la justicia no al 100%\u00bb, expres\u00f3 Fabio.<\/b><\/em><\/span><\/p>\n<p><span style=\"color: #000000;\">Las mujeres de todas las edades se han puesto en la lucha, colmaron las calles cada 3 de junio y cuando la pandemia lo impidi\u00f3 se llenaron las redes con fotos sobre la lucha. Hoy los j\u00f3venes luchan para combatir con esta pandemia que en nuestro pa\u00eds est\u00e1 hace a\u00f1os, porque el &#8216;qu\u00e9date en casa&#8217; no signific\u00f3 lo mismo para todos, estar en casa no es el lugar m\u00e1s seguro para miles de mujeres que est\u00e1n sumergidas en relaciones violentas. <\/span><\/p>\n<p><span style=\"color: #000000;\"><strong><em>Fabio, en ese sentido, asegur\u00f3: \u00abte da f\u00e9, confianza para seguir, yo todo el tiempo estoy hablando con j\u00f3venes y mujeres de distintas edades que est\u00e1n en la lucha porque la persona grande tienen sus hijas y quieren que hoy puedan salir a la calle y puedan volver a sus casa tranquilas sin tener que estar sin dormir preocup\u00e1ndote que no les vaya a la pasar nada\u00bb.<\/em><\/strong><\/span><\/p>\n<p><span style=\"color: #000000;\">Para las mujeres argentinas volver a la casa, estar con vida un d\u00eda m\u00e1s se celebra como un logro y ah\u00ed est\u00e1 la falla. Estar con vida y vivir tranquila no deber\u00eda ser un logro, vivir con miedo no deber\u00eda estar normalizado. <strong><em>\u00abLuchar y tirar todos para el mismo lado, todos hemos sido hijos de una mujer, tenemos hijas, hermanas, t\u00edas todos tenemos alguien por quien luchar y por quien ir para adelante\u00bb, destac\u00f3 Fabio, pap\u00e1 de Chiara.<\/em><\/strong><\/span><\/p>\n<p><strong><em><span style=\"color: #000000;\">&#8216;Te endulza el alma, que una chica te diga que le salvaste la vida en el nombre de Chiara, me la tiene siempre al lado m\u00edo, la fuerza y la solidaridad que he tenido ahora realmente me parece no he sido tan solidario y voluntariosos antes como lo soy ahora en nombre de ella\u00bb, finaliz\u00f3 Fabio.<\/span><\/em><\/strong><\/p>\n<p><span style=\"color: #000000;\">En nuestro departamento se trabaja desde la asesor\u00eda de la mujer con programas y se tiene un hogar para dar asilo a mujeres que sufren violencia, se concientiza, se informa y se brinda ayuda a quienes est\u00e1n pasando por est\u00e1 situaci\u00f3n.<\/span><\/p>\n<p><span style=\"color: #000000;\">\u2022C.F.<\/span><\/p>\n","protected":false},"excerpt":{"rendered":"<p>Hay fechas y personas que no se olvidan. Hoy 3 de junio es uno de esos d\u00edas en el que miles &#8230;<\/p>\n","protected":false},"author":7,"featured_media":1110,"comment_status":"open","ping_status":"open","sticky":false,"template":"","format":"standard","meta":{"footnotes":""},"categories":[5,10],"tags":[],"class_list":["post-90943","post","type-post","status-publish","format-standard","has-post-thumbnail","hentry","category-actualidad","category-destacadas"],"_links":{"self":[{"href":"https:\/\/vinasfm.com\/noticias\/wp-json\/wp\/v2\/posts\/90943","targetHints":{"allow":["GET"]}}],"collection":[{"href":"https:\/\/vinasfm.com\/noticias\/wp-json\/wp\/v2\/posts"}],"about":[{"href":"https:\/\/vinasfm.com\/noticias\/wp-json\/wp\/v2\/types\/post"}],"author":[{"embeddable":true,"href":"https:\/\/vinasfm.com\/noticias\/wp-json\/wp\/v2\/users\/7"}],"replies":[{"embeddable":true,"href":"https:\/\/vinasfm.com\/noticias\/wp-json\/wp\/v2\/comments?post=90943"}],"version-history":[{"count":12,"href":"https:\/\/vinasfm.com\/noticias\/wp-json\/wp\/v2\/posts\/90943\/revisions"}],"predecessor-version":[{"id":91113,"href":"https:\/\/vinasfm.com\/noticias\/wp-json\/wp\/v2\/posts\/90943\/revisions\/91113"}],"wp:featuredmedia":[{"embeddable":true,"href":"https:\/\/vinasfm.com\/noticias\/wp-json\/wp\/v2\/media\/1110"}],"wp:attachment":[{"href":"https:\/\/vinasfm.com\/noticias\/wp-json\/wp\/v2\/media?parent=90943"}],"wp:term":[{"taxonomy":"category","embeddable":true,"href":"https:\/\/vinasfm.com\/noticias\/wp-json\/wp\/v2\/categories?post=90943"},{"taxonomy":"post_tag","embeddable":true,"href":"https:\/\/vinasfm.com\/noticias\/wp-json\/wp\/v2\/tags?post=90943"}],"curies":[{"name":"wp","href":"https:\/\/api.w.org\/{rel}","templated":true}]}}