{"id":90885,"date":"2021-06-03T09:00:44","date_gmt":"2021-06-03T12:00:44","guid":{"rendered":"http:\/\/vinasfm.com\/noticias\/?p=90885"},"modified":"2021-06-04T09:59:33","modified_gmt":"2021-06-04T12:59:33","slug":"el-intendente-se-refirio-a-los-puntos-de-vacunacion-en-distritos-y-al-operativo-de-inmunizacion-de-docentes","status":"publish","type":"post","link":"https:\/\/vinasfm.com\/noticias\/el-intendente-se-refirio-a-los-puntos-de-vacunacion-en-distritos-y-al-operativo-de-inmunizacion-de-docentes\/","title":{"rendered":"EL INTENDENTE SE REFIRI\u00d3 A LOS PUNTOS DE VACUNACI\u00d3N EN DISTRITOS Y AL OPERATIVO DE INMUNIZACI\u00d3N DE DOCENTES"},"content":{"rendered":"<h4><span style=\"color: #000000;\"><strong>El Intendente comunic\u00f3 los d\u00edas que los docentes podr\u00e1n asistir al Polideportivo Deportistas Alvearenses para recibir, seg\u00fan corresponda, la primera o segunda dosis de la vacuna. Asimismo, se\u00f1al\u00f3 que se va a inscribir en barrios y distritos a mayores de 18 con obesidad o diabetes y a todos los mayores de 55 a\u00f1os para que puedan inocularse.<\/strong><\/span><\/h4>\n<div id=\"attachment_90886\" style=\"width: 300px\" class=\"wp-caption alignleft\"><a href=\"http:\/\/vinasfm.com\/noticias\/wp-content\/uploads\/2021\/06\/Vacunacion-Docentes-4-scaled.jpg\"><img loading=\"lazy\" decoding=\"async\" aria-describedby=\"caption-attachment-90886\" class=\"size-medium wp-image-90886\" src=\"http:\/\/vinasfm.com\/noticias\/wp-content\/uploads\/2021\/06\/Vacunacion-Docentes-4-300x169.jpg\" alt=\"\" width=\"300\" height=\"169\" srcset=\"https:\/\/vinasfm.com\/noticias\/wp-content\/uploads\/2021\/06\/Vacunacion-Docentes-4-300x169.jpg 300w, https:\/\/vinasfm.com\/noticias\/wp-content\/uploads\/2021\/06\/Vacunacion-Docentes-4-1024x576.jpg 1024w, https:\/\/vinasfm.com\/noticias\/wp-content\/uploads\/2021\/06\/Vacunacion-Docentes-4-768x432.jpg 768w, https:\/\/vinasfm.com\/noticias\/wp-content\/uploads\/2021\/06\/Vacunacion-Docentes-4-1536x864.jpg 1536w, https:\/\/vinasfm.com\/noticias\/wp-content\/uploads\/2021\/06\/Vacunacion-Docentes-4-2048x1152.jpg 2048w, https:\/\/vinasfm.com\/noticias\/wp-content\/uploads\/2021\/06\/Vacunacion-Docentes-4-750x420.jpg 750w, https:\/\/vinasfm.com\/noticias\/wp-content\/uploads\/2021\/06\/Vacunacion-Docentes-4-1140x641.jpg 1140w\" sizes=\"auto, (max-width: 300px) 100vw, 300px\" \/><\/a><p id=\"caption-attachment-90886\" class=\"wp-caption-text\">Vacunaci\u00f3n de docentes.<\/p><\/div>\n<p><span style=\"color: #000000;\">En todo el territorio departamental<strong> son alrededor de 2.100 los mayores de 55 a\u00f1os que no cuentan con la vacuna Covid<\/strong>. Es para destacar que,<strong> a partir de este mi\u00e9rcoles<\/strong>, el Ministerio de Salud, Desarrollo Social y Deportes de la Provincia<strong> ampli\u00f3 el rango etario y pueden inscribirse todos los mayores de 50 a\u00f1os, sin enfermedades de base preexistentes<\/strong>.<\/span><\/p>\n<p><span style=\"color: #000000;\">La <strong>Direcci\u00f3n General de Escuelas<\/strong> junto Ministerio de Salud, Desarrollo Social y Deportes de la Provincia han dispuesto, conforme a los grupos que estableci\u00f3 el Consejo Federal de Educaci\u00f3n, la vacunaci\u00f3n Covid en General Alvear el pr\u00f3ximo jueves y viernes, <strong>con primera dosis a los grupos 2, 3 y 4, de 30 a\u00f1os de edad o m\u00e1s<\/strong>. <strong>Tambi\u00e9n, para las personas del grupo 1, sin l\u00edmite de edad, que tampoco obtuvieron ninguna dosis o que les corresponde la segunda aplicaci\u00f3n. El s\u00e1bado se va a aplicar la segunda dosis a quienes recibieron la primera en su oportunidad<\/strong>.<\/span><\/p>\n<p><span style=\"color: #000000;\">\u201c<strong><em>Esto es un gran paso, creo que junto al proceso de vacunaci\u00f3n que estamos realizando entre el Gobierno Provincial y los municipios, hemos de ir al encuentro de aquellos mayores de 50 a\u00f1os sin comorbilidades, que a\u00fan no se han inscripto y por lo tanto no se han vacunado todav\u00eda, que tienen la posibilidad de hacerlo y que es conveniente que lo puedan hacer<\/em><\/strong>\u201d indic\u00f3 el intendente Walther Marcolini.<\/span><\/p>\n<p><span style=\"color: #000000;\">En reuni\u00f3n con el <strong>Gobernador Suarez<\/strong> y la<strong> Ministra Ana Mar\u00eda Nadal<\/strong> se decidi\u00f3 inscribir a los vecinos en cada barrio. Se trata de un trabajo conjunto entre el <strong>municipio, el \u00c1rea Departamental de Salud, el Hospital Enfermeros Argentinos<\/strong> y <strong>OSEP<\/strong> en diferentes lugares, como el CIC de Bowen, las delegaciones de Carmensa y Alvear Oeste, SUM del Barrio San Carlos. <\/span><\/p>\n<p><span style=\"color: #000000;\">\u201c<strong><em>El objetivo es agilizar el proceso de inscripci\u00f3n de las personas mayores de 50 y los mayores de 18 a\u00f1os que tengan diabetes u obesidad, porque es fundamental que la gente se pueda vacunar. Una vacuna evita una cama de terapia intensiva, evita sufrimiento para la familia y los vecinos. Adem\u00e1s, se va a vacunar luego de las inscripciones en esos mismos lugares para que los vecinos no deban trasladarse<\/em><\/strong>\u201d, resalt\u00f3 el jefe comunal.<\/span><\/p>\n<p><span style=\"color: #000000;\">\u201c<strong><em>Ambas acciones, por un lado la vacunaci\u00f3n para docentes que tiene lugar en el Polideportivo Deportistas Alvearenses y por otro, salir al encuentro de mayores de 50 a\u00f1os o mayores de 18 con obesidad o diabetes son acciones muy importantes para darle pelea al Covid, es un avance positivo para el Departamento, por lo que esperamos que la sociedad est\u00e9 atenta y acompa\u00f1e<\/em><\/strong>\u201d, concluy\u00f3 Walther Marcolini.<\/span><\/p>\n<h5><span style=\"color: #000000;\">\u2022F.B.<\/span><\/h5>\n","protected":false},"excerpt":{"rendered":"<p>El Intendente comunic\u00f3 los d\u00edas que los docentes podr\u00e1n asistir al Polideportivo Deportistas Alvearenses para recibir, seg\u00fan corresponda, la primera o &#8230;<\/p>\n","protected":false},"author":8,"featured_media":71505,"comment_status":"open","ping_status":"open","sticky":false,"template":"","format":"standard","meta":{"footnotes":""},"categories":[5,15],"tags":[],"class_list":["post-90885","post","type-post","status-publish","format-standard","has-post-thumbnail","hentry","category-actualidad","category-salud"],"_links":{"self":[{"href":"https:\/\/vinasfm.com\/noticias\/wp-json\/wp\/v2\/posts\/90885","targetHints":{"allow":["GET"]}}],"collection":[{"href":"https:\/\/vinasfm.com\/noticias\/wp-json\/wp\/v2\/posts"}],"about":[{"href":"https:\/\/vinasfm.com\/noticias\/wp-json\/wp\/v2\/types\/post"}],"author":[{"embeddable":true,"href":"https:\/\/vinasfm.com\/noticias\/wp-json\/wp\/v2\/users\/8"}],"replies":[{"embeddable":true,"href":"https:\/\/vinasfm.com\/noticias\/wp-json\/wp\/v2\/comments?post=90885"}],"version-history":[{"count":1,"href":"https:\/\/vinasfm.com\/noticias\/wp-json\/wp\/v2\/posts\/90885\/revisions"}],"predecessor-version":[{"id":90887,"href":"https:\/\/vinasfm.com\/noticias\/wp-json\/wp\/v2\/posts\/90885\/revisions\/90887"}],"wp:featuredmedia":[{"embeddable":true,"href":"https:\/\/vinasfm.com\/noticias\/wp-json\/wp\/v2\/media\/71505"}],"wp:attachment":[{"href":"https:\/\/vinasfm.com\/noticias\/wp-json\/wp\/v2\/media?parent=90885"}],"wp:term":[{"taxonomy":"category","embeddable":true,"href":"https:\/\/vinasfm.com\/noticias\/wp-json\/wp\/v2\/categories?post=90885"},{"taxonomy":"post_tag","embeddable":true,"href":"https:\/\/vinasfm.com\/noticias\/wp-json\/wp\/v2\/tags?post=90885"}],"curies":[{"name":"wp","href":"https:\/\/api.w.org\/{rel}","templated":true}]}}