{"id":90882,"date":"2021-06-03T10:00:57","date_gmt":"2021-06-03T13:00:57","guid":{"rendered":"http:\/\/vinasfm.com\/noticias\/?p=90882"},"modified":"2021-06-03T11:53:06","modified_gmt":"2021-06-03T14:53:06","slug":"aplicaron-la-vacuna-antigripal-a-personal-municipal-del-b-san-carlos","status":"publish","type":"post","link":"https:\/\/vinasfm.com\/noticias\/aplicaron-la-vacuna-antigripal-a-personal-municipal-del-b-san-carlos\/","title":{"rendered":"APLICARON LA VACUNA ANTIGRIPAL A PERSONAL MUNICIPAL DEL B\u00b0 SAN CARLOS"},"content":{"rendered":"<h4><span style=\"color: #000000;\"><strong>En las oficinas municipales del Barrio San Carlos se procedi\u00f3 a aplicar vacunas antigripales a empleados municipales.<\/strong><\/span><\/h4>\n<p><span style=\"color: #000000;\">El <strong>Coordinador de la Oficina Municipal<\/strong> <strong>del<\/strong> <strong>Barrio San Carlos Miguel Sol\u00e1<\/strong> manifest\u00f3 su contento porque en esta \u00e9poca, de crudo invierno, se padecen este tipo de enfermedades virales: &#8216;<strong><em>En esta ma\u00f1ana se pudo inocular a cuarenta empleados contra la gripe. Adem\u00e1s, el plan de vacunas Covid para todo el personal de servicios p\u00fablicos viene funcionando bien, se ha podido vacunar a toda la planta del Barrio San Carlos que se encuentra a cargo de la recolecci\u00f3n de residuos tipo A y B<\/em><\/strong>&#8216;.<\/span><\/p>\n<p><span style=\"color: #000000;\"><strong>Sol\u00e1<\/strong> agradeci\u00f3 al<strong> Intendente Walther Marcolini<\/strong> por conseguir las vacunas antigripales necesarias para todo el personal del municipio al igual que las vacunas Covid para el personal de la recolecci\u00f3n de residuos. &#8216;<strong><em>Es una buena forma para que no se contagie el personal y poder brindar un buen servicio a la sociedad<\/em><\/strong>&#8216;, concluy\u00f3 Sol\u00e1.<\/span><\/p>\n<p><span style=\"color: #000000;\">Cabe destacar que ya se realiz\u00f3 la vacunaci\u00f3n antigripal para empleados municipales en la <strong>Delegaci\u00f3n de Bowen<\/strong> y en el <strong>Obrador Municipal<\/strong>, adem\u00e1s de la vacunaci\u00f3n Covid-19 para empleados municipales de recolecci\u00f3n y tratamientos de residuos en el Vacunatorio del Hospital Enfermeros Argentinos.<\/span><\/p>\n<h5><span style=\"color: #000000;\">\u2022F.B.<\/span><\/h5>\n","protected":false},"excerpt":{"rendered":"<p>En las oficinas municipales del Barrio San Carlos se procedi\u00f3 a aplicar vacunas antigripales a empleados municipales. El Coordinador de la &#8230;<\/p>\n","protected":false},"author":8,"featured_media":90883,"comment_status":"open","ping_status":"open","sticky":false,"template":"","format":"standard","meta":{"footnotes":""},"categories":[5,15],"tags":[],"class_list":["post-90882","post","type-post","status-publish","format-standard","has-post-thumbnail","hentry","category-actualidad","category-salud"],"_links":{"self":[{"href":"https:\/\/vinasfm.com\/noticias\/wp-json\/wp\/v2\/posts\/90882","targetHints":{"allow":["GET"]}}],"collection":[{"href":"https:\/\/vinasfm.com\/noticias\/wp-json\/wp\/v2\/posts"}],"about":[{"href":"https:\/\/vinasfm.com\/noticias\/wp-json\/wp\/v2\/types\/post"}],"author":[{"embeddable":true,"href":"https:\/\/vinasfm.com\/noticias\/wp-json\/wp\/v2\/users\/8"}],"replies":[{"embeddable":true,"href":"https:\/\/vinasfm.com\/noticias\/wp-json\/wp\/v2\/comments?post=90882"}],"version-history":[{"count":1,"href":"https:\/\/vinasfm.com\/noticias\/wp-json\/wp\/v2\/posts\/90882\/revisions"}],"predecessor-version":[{"id":90884,"href":"https:\/\/vinasfm.com\/noticias\/wp-json\/wp\/v2\/posts\/90882\/revisions\/90884"}],"wp:featuredmedia":[{"embeddable":true,"href":"https:\/\/vinasfm.com\/noticias\/wp-json\/wp\/v2\/media\/90883"}],"wp:attachment":[{"href":"https:\/\/vinasfm.com\/noticias\/wp-json\/wp\/v2\/media?parent=90882"}],"wp:term":[{"taxonomy":"category","embeddable":true,"href":"https:\/\/vinasfm.com\/noticias\/wp-json\/wp\/v2\/categories?post=90882"},{"taxonomy":"post_tag","embeddable":true,"href":"https:\/\/vinasfm.com\/noticias\/wp-json\/wp\/v2\/tags?post=90882"}],"curies":[{"name":"wp","href":"https:\/\/api.w.org\/{rel}","templated":true}]}}