{"id":90848,"date":"2021-06-03T10:40:27","date_gmt":"2021-06-03T13:40:27","guid":{"rendered":"http:\/\/vinasfm.com\/noticias\/?p=90848"},"modified":"2021-06-03T10:42:37","modified_gmt":"2021-06-03T13:42:37","slug":"pese-a-la-alta-demanda-cecsagal-sigue-brindando-el-servicio-solidario-de-sepelio","status":"publish","type":"post","link":"https:\/\/vinasfm.com\/noticias\/pese-a-la-alta-demanda-cecsagal-sigue-brindando-el-servicio-solidario-de-sepelio\/","title":{"rendered":"PESE A LA ALTA DEMANDA, CECSAGAL SIGUE BRINDANDO EL SERVICIO SOLIDARIO DE SEPELIO"},"content":{"rendered":"<h4><span style=\"color: #000000;\"><strong>A pesar de las etapas donde han regido estrictos protocolos o suspensi\u00f3n total de los servicios de sepelio, producto de la situaci\u00f3n sanitaria, Cecsagal ha adoptado las medidas implementadas a lo largo de la pandemia para seguir prestando el servicio solidario de sepelio a los usuarios de la Cooperativa.<\/strong><\/span><\/h4>\n<p><span style=\"color: #000000;\">En di\u00e1logo con <strong>F.M. VI\u00d1AS<\/strong>, el <strong>Gerente de Cecsagal Claudio Herrada\u00a0<\/strong>explic\u00f3 c\u00f3mo han trabajado en los \u00faltimos meses donde la cifra de personas fallecidas se increment\u00f3 notablemente: &#8216;<strong><em>El impacto de la pandemia en el n\u00famero de fallecidos ha sido fuerte. Los n\u00fameros se han disparado respecto a lo que nosotros tenemos de servicio por mes<\/em><\/strong>&#8216;, se\u00f1al\u00f3, y en la misma l\u00ednea resalt\u00f3: &#8216;<strong><em>Generalmente ten\u00edamos entre 30 y 35 fallecidos por mes. Este a\u00f1o, durante el mes de marzo tuvimos 80 fallecidos y en abril 73<\/em><\/strong>&#8216;.<\/span><\/p>\n<p><span style=\"color: #000000;\">A pesar del lamentable crecimiento de fallecidos en el \u00faltimo bimestre, Herrada asegur\u00f3 que el servicio se ha mantenido normal y aclar\u00f3: &#8216;<strong><em>Lo \u00fanico es que no se puede realizar es el velatorio pero se est\u00e1 brindando el servicio de sepelio con las cocher\u00edas que trabajan para la Cooperativa<\/em><\/strong>&#8216;.<\/span><\/p>\n<p><span style=\"color: #000000;\">Al ser consultado sobre el proceso del servicio, condicionado por las medidas vigente, el Gerente indic\u00f3 que &#8216;<strong><em>se est\u00e1 brindando un ata\u00fad de la misma calidad que se brindaba antes de la pandemia. Lo \u00fanico que los ata\u00fades no mantienen es la met\u00e1lica de adentro por el tema de que las personas fallecidas por covid tienen que ir a tierra pero a quienes fallecen por otras patolog\u00edas, que no sea covid, se los coloca en un ata\u00fad del mismo modo que se usaba antes de la pandemia<\/em><\/strong>&#8216;.<\/span><\/p>\n<p><span style=\"color: #000000;\">El incremento de los costos obedece a que &#8216;<strong><em>a las cocher\u00edas se tiene que pagar igual e incluso tienen un trabajo m\u00e1s agravado respecto a la normas que deben cumplir por el covid. Cuando la cantidad de fallecidos en el mes se incrementa un 130% los n\u00fameros se disparan respecto a costos<\/em><\/strong>&#8216; pero manifest\u00f3 que han podido hacer frente a esta situaci\u00f3n gracias al servicio solidario de sepelio: &#8216;<strong><em>Un servicio de sepelio es un servicio caro pero que ayuda a los familiares a no tener que desembolsar un monto importante de dinero. El servicio solidario de sepelio es un servicio que siempre ha tenido muy buena afectaciones en nuestros asociados<\/em><\/strong>&#8216;, destac\u00f3.<\/span><\/p>\n<p><span style=\"color: #000000;\">Finalmente, se refiri\u00f3 al sistema de atenci\u00f3n que desde el lunes pasado volvi\u00f3 a ser normal: &#8216;<strong><em>Estamos atendiendo con turnos y tenemos un n\u00famero que es 0800 266 4239 al que deben llamar para sacar el turno. Adem\u00e1s deben de respetar la terminaci\u00f3n del D.N.I. Estamos trabajando de la mejor manera posible en estos momentos. Tenemos burbujas para la prestaci\u00f3n del servicio el\u00e9ctrico. Adem\u00e1s contamos y pedimos que los pagos se realicen a trav\u00e9s de Home Banking para evitar la presencialidad<\/em><\/strong>&#8216;, y reconoci\u00f3 que los usuarios se han ido amoldando bastante a los nuevos m\u00e9todos de pago de la Cooperativa.<\/span><\/p>\n<h5><span style=\"color: #000000;\">\u2022F.B. (F.M. Vi\u00f1as).<\/span><\/h5>\n","protected":false},"excerpt":{"rendered":"<p>A pesar de las etapas donde han regido estrictos protocolos o suspensi\u00f3n total de los servicios de sepelio, producto de la &#8230;<\/p>\n","protected":false},"author":8,"featured_media":64381,"comment_status":"open","ping_status":"open","sticky":false,"template":"","format":"standard","meta":{"footnotes":""},"categories":[5,60],"tags":[],"class_list":["post-90848","post","type-post","status-publish","format-standard","has-post-thumbnail","hentry","category-actualidad","category-cecsagal"],"_links":{"self":[{"href":"https:\/\/vinasfm.com\/noticias\/wp-json\/wp\/v2\/posts\/90848","targetHints":{"allow":["GET"]}}],"collection":[{"href":"https:\/\/vinasfm.com\/noticias\/wp-json\/wp\/v2\/posts"}],"about":[{"href":"https:\/\/vinasfm.com\/noticias\/wp-json\/wp\/v2\/types\/post"}],"author":[{"embeddable":true,"href":"https:\/\/vinasfm.com\/noticias\/wp-json\/wp\/v2\/users\/8"}],"replies":[{"embeddable":true,"href":"https:\/\/vinasfm.com\/noticias\/wp-json\/wp\/v2\/comments?post=90848"}],"version-history":[{"count":7,"href":"https:\/\/vinasfm.com\/noticias\/wp-json\/wp\/v2\/posts\/90848\/revisions"}],"predecessor-version":[{"id":90968,"href":"https:\/\/vinasfm.com\/noticias\/wp-json\/wp\/v2\/posts\/90848\/revisions\/90968"}],"wp:featuredmedia":[{"embeddable":true,"href":"https:\/\/vinasfm.com\/noticias\/wp-json\/wp\/v2\/media\/64381"}],"wp:attachment":[{"href":"https:\/\/vinasfm.com\/noticias\/wp-json\/wp\/v2\/media?parent=90848"}],"wp:term":[{"taxonomy":"category","embeddable":true,"href":"https:\/\/vinasfm.com\/noticias\/wp-json\/wp\/v2\/categories?post=90848"},{"taxonomy":"post_tag","embeddable":true,"href":"https:\/\/vinasfm.com\/noticias\/wp-json\/wp\/v2\/tags?post=90848"}],"curies":[{"name":"wp","href":"https:\/\/api.w.org\/{rel}","templated":true}]}}