{"id":90839,"date":"2021-06-03T09:09:03","date_gmt":"2021-06-03T12:09:03","guid":{"rendered":"http:\/\/vinasfm.com\/noticias\/?p=90839"},"modified":"2021-06-03T10:43:08","modified_gmt":"2021-06-03T13:43:08","slug":"daniel-oldra-emocionado-por-el-centenario-de-godoy-cruz-y-con-sentimiento-ambiguo-por-los-festejos-masivos","status":"publish","type":"post","link":"https:\/\/vinasfm.com\/noticias\/daniel-oldra-emocionado-por-el-centenario-de-godoy-cruz-y-con-sentimiento-ambiguo-por-los-festejos-masivos\/","title":{"rendered":"DANIEL OLDR\u00c1, EMOCIONADO POR EL CENTENARIO DE GODOY CRUZ Y CON SENTIMIENTO AMBIGUO POR LOS FESTEJOS MASIVOS"},"content":{"rendered":"<h4><span style=\"color: #000000;\"><strong>Daniel Oldr\u00e1, \u00eddolo de Godoy Cruz y conocido popularmente como el &#8216;Gato&#8217;, reflexion\u00f3 acerca de su trayectoria en el Tomba y la emoci\u00f3n que vivi\u00f3 en este centenario. Adem\u00e1s, lament\u00f3 y mostr\u00f3 su sorpresa por la cantidad de gente en el estadio.<\/strong><\/span><\/h4>\n<p><span style=\"color: #000000;\">En di\u00e1logo con &#8216;<strong>Cancha Abierta&#8217;, de FM VI\u00d1AS, Daniel Oldr\u00e1 habl\u00f3 sobre el Centenario de Godoy Cruz<\/strong> que desat\u00f3 m\u00faltiples festejos en el norte de Mendoza. <strong>\u00abReviv\u00ed muy lindos recuerdos, las \u00e9pocas gloriosas del club, con mis compa\u00f1eros del ascenso del 94. Fueron d\u00edas maravillosos que pasamos en el club, y a veces uno mira hacia atr\u00e1s y no toma dimensi\u00f3n de lo que se logr\u00f3\u00bb,<\/strong> <strong>expres\u00f3 el &#8216;Gato&#8217;<\/strong>, un engranaje importante de los mejores a\u00f1os futbol\u00edsticos en la historia del Tomba.<\/span><\/p>\n<p><span style=\"color: #000000;\">Y rememorando su \u00e9poca de jugador, confes\u00f3:<em><strong> \u00abMi momentos m\u00e1s especial fue cuando me debutar, con 16 o 17 a\u00f1os en la Primera de Godoy Cruz. Es todo un sue\u00f1o para cualquier jugador y sentirme parte como hincha que soy del club, con la camiseta que amo, fue especial\u00bb<\/strong><\/em>. <\/span><\/p>\n<p><span style=\"color: #000000;\">Por otro lado, en su faceta de m\u00e1nager deportivo, labor en la que se ha destacada como cazatalentos y promotor de juveniles, y DT interino (cada vez que es necesario), manifest\u00f3 su sensaci\u00f3n: <em><strong>\u00abEs una gran responsabilidad, como hombre de la casa uno siempre tiene que estar para los momentos dif\u00edciles y tengo la tranquilidad de que la gente me respeta\u00bb<\/strong><\/em>.<\/span><\/p>\n<p><span style=\"color: #000000;\">En cuanto a los festejos masivos que se llevaron a cabo en Godoy Cruz y en el estadio Feliciano Gambarte, opin\u00f3: <em><strong>\u00abEstoy sorprendido por lo que ocurri\u00f3 en la cancha, seguro que est\u00e1 mal porque estamos en una situaci\u00f3n complicada del pa\u00eds. Hay muchos enfermos y mucha gente que se ha muerto, pero no soy nadie para reprochar nada a la gente Por un lado estoy contento por la cantidad de gente y por otro triste por la situaci\u00f3n\u00bb.<\/strong><\/em><\/span><\/p>\n<p><span style=\"color: #000000;\">Adem\u00e1s, con respecto a la responsabilidad que le cabe al club por este movimiento, declar\u00f3:<em><strong> \u00abNo puedo decir nada porque lo v\u00ed por televisi\u00f3n, no estaba en el club\u00bb<\/strong><\/em>. Asimismo asegur\u00f3:<em><strong> \u00abEl club estaba cerrado, imaginando que todo iba a ser fuera de la cancha. Son situaciones dif\u00edciles y se que va a pagar los platos rotos en el club pero tambi\u00e9n me pongo un poco del lado de los hinchas\u00bb.<\/strong><\/em><\/span><\/p>\n<h5><span style=\"color: #000000;\">\u2022<strong>L.A.<\/strong><\/span><\/h5>\n","protected":false},"excerpt":{"rendered":"<p>Daniel Oldr\u00e1, \u00eddolo de Godoy Cruz y conocido popularmente como el &#8216;Gato&#8217;, reflexion\u00f3 acerca de su trayectoria en el Tomba y &#8230;<\/p>\n","protected":false},"author":7,"featured_media":90950,"comment_status":"open","ping_status":"open","sticky":false,"template":"","format":"standard","meta":{"footnotes":""},"categories":[5,3],"tags":[],"class_list":["post-90839","post","type-post","status-publish","format-standard","has-post-thumbnail","hentry","category-actualidad","category-deportes"],"_links":{"self":[{"href":"https:\/\/vinasfm.com\/noticias\/wp-json\/wp\/v2\/posts\/90839","targetHints":{"allow":["GET"]}}],"collection":[{"href":"https:\/\/vinasfm.com\/noticias\/wp-json\/wp\/v2\/posts"}],"about":[{"href":"https:\/\/vinasfm.com\/noticias\/wp-json\/wp\/v2\/types\/post"}],"author":[{"embeddable":true,"href":"https:\/\/vinasfm.com\/noticias\/wp-json\/wp\/v2\/users\/7"}],"replies":[{"embeddable":true,"href":"https:\/\/vinasfm.com\/noticias\/wp-json\/wp\/v2\/comments?post=90839"}],"version-history":[{"count":6,"href":"https:\/\/vinasfm.com\/noticias\/wp-json\/wp\/v2\/posts\/90839\/revisions"}],"predecessor-version":[{"id":90961,"href":"https:\/\/vinasfm.com\/noticias\/wp-json\/wp\/v2\/posts\/90839\/revisions\/90961"}],"wp:featuredmedia":[{"embeddable":true,"href":"https:\/\/vinasfm.com\/noticias\/wp-json\/wp\/v2\/media\/90950"}],"wp:attachment":[{"href":"https:\/\/vinasfm.com\/noticias\/wp-json\/wp\/v2\/media?parent=90839"}],"wp:term":[{"taxonomy":"category","embeddable":true,"href":"https:\/\/vinasfm.com\/noticias\/wp-json\/wp\/v2\/categories?post=90839"},{"taxonomy":"post_tag","embeddable":true,"href":"https:\/\/vinasfm.com\/noticias\/wp-json\/wp\/v2\/tags?post=90839"}],"curies":[{"name":"wp","href":"https:\/\/api.w.org\/{rel}","templated":true}]}}